{"id":5371,"date":"2024-03-07T12:37:08","date_gmt":"2024-03-07T15:37:08","guid":{"rendered":"https:\/\/sinicesp.org.br\/?p=5371"},"modified":"2024-06-03T10:00:41","modified_gmt":"2024-06-03T13:00:41","slug":"demanda-elevada-para-a-construcao","status":"publish","type":"post","link":"https:\/\/sinicesp.org.br\/index.php\/2024\/03\/07\/demanda-elevada-para-a-construcao\/","title":{"rendered":"Demanda elevada para a constru\u00e7\u00e3o"},"content":{"rendered":"\n<section class=\"wp-block-uagb-section uagb-section__wrap uagb-section__background-color uagb-block-44a9e3f7\"><div class=\"uagb-section__overlay\"><\/div><div class=\"uagb-section__inner-wrap\">\n<div style=\"height:10px\" aria-hidden=\"true\" class=\"wp-block-spacer\"><\/div>\n\n\n\n<div class=\"wp-block-uagb-advanced-heading uagb-block-f5b54e37\"><h3 class=\"uagb-heading-text\"><br><strong>Boletim T\u00e9cnico n\u00ba 01 (07\/03\/2024) <\/strong><\/h3><div class=\"uagb-separator\"><\/div><\/div>\n\n\n\n<p><\/p>\n<\/div><\/section>\n\n\n\n<section class=\"wp-block-uagb-section uagb-section__wrap uagb-section__background-color uagb-block-7089f049\"><div class=\"uagb-section__overlay\"><\/div><div class=\"uagb-section__inner-wrap\">\n<p class=\"has-text-align-right has-vivid-red-color has-text-color\"><strong><strong><strong><strong><strong>ESPECIAL INFRAESTRUTURA<\/strong><\/strong><\/strong><\/strong><\/strong><\/p>\n\n\n\n<div style=\"height:20px\" aria-hidden=\"true\" class=\"wp-block-spacer\"><\/div>\n\n\n\n<h2 class=\"wp-block-heading has-text-color\" id=\"prioridade-pela-saude-publica\" style=\"color:#0767b1\"><strong><strong><strong>Demanda elevada para a constru\u00e7\u00e3o<\/strong><\/strong><\/strong><\/h2>\n\n\n\n<div style=\"height:20px\" aria-hidden=\"true\" class=\"wp-block-spacer\"><\/div>\n\n\n\n<p><strong><em>Em 2024, o setor brasileiro da constru\u00e7\u00e3o deve se beneficiar da carteira de projetos anunciada sob o Novo PAC, que serve de term\u00f4metro para uma aguardada recupera\u00e7\u00e3o da economia nacional<\/em><\/strong><\/p>\n\n\n\n<div style=\"height:30px\" aria-hidden=\"true\" class=\"wp-block-spacer\"><\/div>\n\n\n\n<div id=\"section-g9387e6\" class=\"wp-block-gutentor-e6 section-g9387e6 gutentor-element gutentor-element-image text-align-center-desktop\"><div class=\"gutentor-element-image-box\"><div class=\"gutentor-image-thumb\"><img decoding=\"async\" class=\"normal-image\" src=\"https:\/\/sinicesp.org.br\/wp-content\/uploads\/2024\/03\/image.jpg\" \/><\/div><\/div><\/div>\n\n\n\n<div style=\"height:30px\" aria-hidden=\"true\" class=\"wp-block-spacer\"><\/div>\n\n\n\n<p>Lan\u00e7ado em agosto, o Novo PAC traz perspectivas positivas para o setor de infraestrutura no Brasil j\u00e1 em 2024. Diferentes minist\u00e9rios est\u00e3o envolvidos em obras do programa, que tamb\u00e9m prev\u00ea pactua\u00e7\u00e3o com os governos estaduais para inclus\u00e3o de demandas e prioridades regionais de diferentes \u00e1reas, independentemente dos investimentos privados a serem efetuados em cada estado. <br><br>As regi\u00f5es Sudeste e Sul, por exemplo, tiveram 94% das solicita\u00e7\u00f5es aceitas, de acordo com Roberto Garibe, secret\u00e1rio-adjunto da Secretaria Especial de Articula\u00e7\u00e3o e Monitoramento da Casa Civil da Presid\u00eancia da Rep\u00fablica.<br><br>Segundo ele, as medidas apontam que o setor de constru\u00e7\u00e3o deve se beneficiar diretamente na carteira de projetos, at\u00e9 por servir de term\u00f4metro para a recupera\u00e7\u00e3o da economia.<br><br>Desde empresas prestadoras de servi\u00e7os e locadoras at\u00e9 a ind\u00fastria de equipamentos, Garibe acredita que todos ter\u00e3o demanda elevada.<br><br>\u201cEm paralelo \u00e0 cria\u00e7\u00e3o do novo programa, foi estabelecida a Comiss\u00e3o Interministerial de Aquisi\u00e7\u00f5es (CIA-PAC) para disciplinar e coordenar as compras de produtos e servi\u00e7os nacionais nas contrata\u00e7\u00f5es p\u00fablicas do programa\u201d, explica.<br><br>Institu\u00edda por decreto, a comiss\u00e3o ser\u00e1 presidida pela Casa Civil e ter\u00e1 o Minist\u00e9rio do Desenvolvimento, Ind\u00fastria, Com\u00e9rcio e Servi\u00e7os na secretaria executiva.<br><br>Al\u00e9m de definir diretrizes para as compras p\u00fablicas e identificar setores aptos a fornecer os insumos necess\u00e1rios \u00e0s obras do programa, a CIA-PAC tamb\u00e9m vai fiscalizar o cumprimento das obriga\u00e7\u00f5es e coordenar, junto \u00e0s ag\u00eancias, bancos p\u00fablicos e outros \u00f3rg\u00e3os, as estrat\u00e9gias de fomento \u00e0s cadeias produtivas.<\/p>\n\n\n\n<div style=\"height:30px\" aria-hidden=\"true\" class=\"wp-block-spacer\"><\/div>\n\n\n\n<div id=\"section-g8ecfac\" class=\"wp-block-gutentor-e6 section-g8ecfac gutentor-element gutentor-element-image text-align-center-desktop\"><div class=\"gutentor-element-image-box\"><div class=\"gutentor-image-thumb\"><img decoding=\"async\" class=\"normal-image\" src=\"https:\/\/sinicesp.org.br\/wp-content\/uploads\/2024\/03\/image-1.jpg\" \/><\/div><\/div><\/div>\n\n\n\n<p class=\"has-text-align-center has-small-font-size\"><em><em><em>Programa federal prev\u00ea pactua\u00e7\u00e3o com os governos estaduais para inclus\u00e3o de demandas regionais, diz secret\u00e1rio<\/em><\/em><\/em><\/p>\n\n\n\n<div style=\"height:30px\" aria-hidden=\"true\" class=\"wp-block-spacer\"><\/div>\n\n\n\n<p>O texto do decreto define, inclusive, os crit\u00e9rios para exce\u00e7\u00f5es na aquisi\u00e7\u00e3o de produtos e servi\u00e7os nacionais, como oferta insuficiente no mercado brasileiro ou prazos de entrega incompat\u00edveis com os cronogramas de execu\u00e7\u00e3o das obras.<br><br>Ou seja, o foco n\u00e3o se restringe a empregar os equipamentos, mas tamb\u00e9m a fabric\u00e1-los no pa\u00eds.<br><br><strong>PAC SELE\u00c7\u00d5ES<\/strong><br><br>O secret\u00e1rio explica que outras obras poder\u00e3o ser incorporadas \u00e0 carteira no decorrer do processo, considerando que \u201co PAC \u00e9 din\u00e2mico e mant\u00e9m um status de atualiza\u00e7\u00e3o e avalia\u00e7\u00e3o permanente\u201d.<br><br>\u201cAtualmente, estamos terminando a primeira fase do PAC Sele\u00e7\u00f5es, momento em que o programa se abre tamb\u00e9m para inclus\u00e3o das prioridades dos munic\u00edpios\u201d, informa Garibe.<br><br>Nesse \u00e2mbito, foram feitas inscri\u00e7\u00f5es em 27 diferentes modalidades de a\u00e7\u00f5es em conjunto com as cidades, incluindo unidades de pronto-atendimento (UPA), unidades b\u00e1sicas de sa\u00fade (UBS), policl\u00ednicas, escolas, creches e unidades m\u00f3veis, dentre outras necessidades.<br><br>A segunda fase do programa com os munic\u00edpios se inicia dentro de dois anos, ocasi\u00e3o em que muitos novos prefeitos j\u00e1 estar\u00e3o com mandato em curso. Com est\u00e1gios distintos, algumas obras inclusive j\u00e1 foram iniciadas.<br><br>\u201cAlgumas est\u00e3o em fase de projeto e estudos para futura concess\u00e3o, enquanto outras j\u00e1 chegaram ao processo de licita\u00e7\u00e3o e outras est\u00e3o sendo conclu\u00eddas\u201d, comenta o servidor. \u201cAs paralisadas ser\u00e3o retomadas, conforme o compromisso do governo federal.\u201d<\/p>\n\n\n\n<div style=\"height:30px\" aria-hidden=\"true\" class=\"wp-block-spacer\"><\/div>\n\n\n\n<div id=\"section-gb1b052\" class=\"wp-block-gutentor-e6 section-gb1b052 gutentor-element gutentor-element-image text-align-center-desktop\"><div class=\"gutentor-element-image-box\"><div class=\"gutentor-image-thumb\"><img decoding=\"async\" class=\"normal-image\" src=\"https:\/\/sinicesp.org.br\/wp-content\/uploads\/2024\/03\/image-2.jpg\" \/><\/div><\/div><\/div>\n\n\n\n<p class=\"has-text-align-center has-small-font-size\"><em><em><em><em>Secret\u00e1rio da Casa Civil, Garibe admite problemas de execu\u00e7\u00e3o, mas ressalta que as obras deixaram de ser prioridade nos investimentos p\u00fablicos no pa\u00eds<\/em><\/em><\/em><\/em><\/p>\n\n\n\n<div style=\"height:30px\" aria-hidden=\"true\" class=\"wp-block-spacer\"><\/div>\n\n\n\n<p>De acordo com ele, o esfor\u00e7o inicial se baseia na montagem da carteira e andamento do programa PAC Sele\u00e7\u00f5es, a partir do qual ter\u00e1 in\u00edcio o processo de monitoramento, que vai detalhar os cronogramas das obras, a participa\u00e7\u00e3o dos minist\u00e9rios e outros aspectos de planejamento.<br><br>\u201cOs departamentos t\u00e9cnicos respons\u00e1veis j\u00e1 est\u00e3o em contato e produzindo relat\u00f3rios parciais\u201d, garante Garibe. \u201cQuando estiverem mais organizadas, as informa\u00e7\u00f5es ser\u00e3o comunicadas no site do programa.\u201d<br><br>Manter o cronograma com status atualizado dos projetos \u00e9 elementar para a equipe averiguar se os compromissos est\u00e3o sendo cumpridos. E, caso n\u00e3o estejam, investigar as raz\u00f5es.<br><br>\u201cDessa maneira, ser\u00e1 poss\u00edvel injetar todo o esfor\u00e7o necess\u00e1rio para superar poss\u00edveis gargalos\u201d, argumenta Garibe, informando que a tarefa de monitoramento \u00e9 centralizada na Casa Civil.<br><br>O crit\u00e9rio na sele\u00e7\u00e3o das obras \u00e9 outro aspecto relevante. A equipe tentou ao m\u00e1ximo entender o n\u00edvel de maturidade dos projetos, assegura o secret\u00e1rio, assim como a import\u00e2ncia da proposta e eventuais \u201cgargalos expressivos ou intranspon\u00edveis\u201d.<br><br>Para projetos mais complexos, como Angra 3, foi criado um grupo de trabalho para fazer a an\u00e1lise de viabilidade, assim como ocorre com a BR-319, rodovia com s\u00e9rio entrave ambiental e que necessita de solu\u00e7\u00f5es alternativas. Esses projetos, \u00e9 bom lembrar, n\u00e3o foram inclu\u00eddos no PAC, mas constam como \u201cprojetos em estudo\u201d.<br><br><strong>COMPROMISSO<\/strong><br><br>O secret\u00e1rio explica que o governo procurou o Tribunal de Contas da Uni\u00e3o (TCU) para &#8220;conhecer em detalhes o relat\u00f3rio de obras inacabadas de vers\u00f5es anteriores do PAC, analisando a evolu\u00e7\u00e3o dos projetos, indicadores e aspectos que, por alguma raz\u00e3o, tenham passado despercebidos\u201d.<br><br>O esfor\u00e7o \u00e9 entender os crit\u00e9rios utilizados pelos analistas do PAC. Segundo Garibe, todavia, o TCU informou que n\u00e3o havia estudos anal\u00edticos. \u201cEm uma carteira com 3 mil projetos, por exemplo, mil obras inacabadas certamente constam como n\u00e3o realizadas\u201d, observa.<br><br>Ele acredita que a m\u00e9trica de compara\u00e7\u00e3o dos valores usados no coeficiente n\u00e3o segue uma metodologia adequada.<\/p>\n\n\n\n<div style=\"height:30px\" aria-hidden=\"true\" class=\"wp-block-spacer\"><\/div>\n\n\n\n<div id=\"section-ge8f35d\" class=\"wp-block-gutentor-e6 section-ge8f35d gutentor-element gutentor-element-image text-align-center-desktop\"><div class=\"gutentor-element-image-box\"><div class=\"gutentor-image-thumb\"><img decoding=\"async\" class=\"normal-image\" src=\"https:\/\/sinicesp.org.br\/wp-content\/uploads\/2024\/03\/image-3.jpg\" \/><\/div><\/div><\/div>\n\n\n\n<p class=\"has-text-align-center has-small-font-size\"><em><em><em><em>Crit\u00e9rio na sele\u00e7\u00e3o das obras \u00e9 outro aspecto relevante do novo programa, com a cria\u00e7\u00e3o de grupos de trabalho para projetos mais complexos em estudo<\/em><\/em><\/em><\/em><\/p>\n\n\n\n<div style=\"height:30px\" aria-hidden=\"true\" class=\"wp-block-spacer\"><\/div>\n\n\n\n<p>\u201cFalta coer\u00eancia nas compara\u00e7\u00f5es, pois enquanto um projeto que teve bilh\u00f5es de investimentos, como Belo Monte, foi inclu\u00eddo como apenas uma \u2018obra entregue\u2019, muitas outras que foram paralisadas sequer chegavam a R$ 50 milh\u00f5es\u201d, afirma.<br><br>\u201cSempre cumprimos as normas de execu\u00e7\u00e3o or\u00e7ament\u00e1ria, o compromisso do dinheiro, para se fazer uma pondera\u00e7\u00e3o com o tamanho das obras em carteira\u201d, elucida o secret\u00e1rio.<br><br>Garibe admite que h\u00e1 muitos problemas de execu\u00e7\u00e3o, um fator t\u00edpico de obras de infraestrutura, em meio a gargalos, problemas com judicializa\u00e7\u00e3o, propriedade da terra, enfim, motivos que costumam ter peso e emperrar projetos.<br><br>\u201cA partir de 2015, ap\u00f3s perder protagonismo no pa\u00eds, o PAC teve seu m\u00e9todo de monitoramento carcomido at\u00e9 desaparecer completamente, sendo que muitas obras ficaram paralisadas porque deixaram de ter prioridade nos investimentos p\u00fablicos\u201d, avalia.<br><br><strong>MEDIDAS<\/strong><br><br>Aparentemente, a receptividade por parte de investidores tem sido positiva. O an\u00fancio da PAC mexeu com o mercado e animou o setor privado, embora os setores da constru\u00e7\u00e3o civil (leve e pesada) sigam se recuperando de um per\u00edodo bastante dif\u00edcil, ap\u00f3s protagonizarem uma crise hist\u00f3rica. Em raz\u00e3o disso, o programa n\u00e3o se resume \u00e0 constru\u00e7\u00e3o de obras de infraestrutura, mas contempla ainda 173 Medidas Institucionais, segundo a Casa Civil, \u201cum conjunto articulado de atos normativos, gest\u00e3o e planejamento organizados com a finalidade de contribuir com a expans\u00e3o de investimentos p\u00fablicos e privados\u201d.<\/p>\n\n\n\n<div style=\"height:30px\" aria-hidden=\"true\" class=\"wp-block-spacer\"><\/div>\n\n\n\n<div id=\"section-g2ae050\" class=\"wp-block-gutentor-e6 section-g2ae050 gutentor-element gutentor-element-image text-align-center-desktop\"><div class=\"gutentor-element-image-box\"><div class=\"gutentor-image-thumb\"><img decoding=\"async\" class=\"normal-image\" src=\"https:\/\/sinicesp.org.br\/wp-content\/uploads\/2024\/03\/image-4.jpg\" \/><\/div><\/div><\/div>\n\n\n\n<p class=\"has-text-align-center has-small-font-size\"><em><em><em><em>Segundo Garibe, programa PAC Sele\u00e7\u00f5es se abre \u200b\u200b\u200b\u200b\u200b\u200b\u200bpara prioridades dos munic\u00edpios em 27 modalidades de a\u00e7\u00f5es<\/em><\/em><\/em><\/em><\/p>\n\n\n\n<div style=\"height:30px\" aria-hidden=\"true\" class=\"wp-block-spacer\"><\/div>\n\n\n\n<p>De acordo com o governo, elas tornam o estado mais eficiente e desburocratizado. Essas medidas est\u00e3o categorizadas em grupos, incluindo t\u00f3picos de aperfei\u00e7oamento do ambiente regulat\u00f3rio e licenciamento ambiental, expans\u00e3o do cr\u00e9dito e incentivos econ\u00f4micos, aprimoramento dos mecanismos de concess\u00e3o e PPPs, incentivo \u00e0 transi\u00e7\u00e3o ecol\u00f3gica e planejamento, gest\u00e3o e compras p\u00fablicas.<br><br>\u201cParte dessas medidas est\u00e3o relacionadas, buscando principalmente dar um incentivo para a reestrutura\u00e7\u00e3o do setor de constru\u00e7\u00e3o\u201d, acentua o secret\u00e1rio.<br><br>\u201cUm exemplo s\u00e3o as garantias para as construtoras, uma vez que muitas est\u00e3o em situa\u00e7\u00e3o fiscal problem\u00e1tica, sem condi\u00e7\u00f5es de financiar obras ou enfrentando custos elevados de financiamento em raz\u00e3o do risco, o que impede de ter uma carteira de projetos alavancada.\u201d<br><br>Outras medidas v\u00eam sendo elaboradas para dar mais musculatura ao setor.<br><br>Os contatos do governo com investidores de outros pa\u00edses, segundo Garibe, t\u00eam resultado em possibilidades para parcerias. \u201cA partir do momento em que o PAC coloca a transi\u00e7\u00e3o ecol\u00f3gica como um dos pilares, atrai capitais em busca de investimentos verdes, sendo que o pa\u00eds tem condi\u00e7\u00f5es de fazer frente a qualquer desafio mundial, principalmente na \u00e1rea de transi\u00e7\u00e3o energ\u00e9tica\u201d, diz.<br><br><strong>OBRAS<\/strong><br><br><strong>S\u00e3o Paulo prev\u00ea obras relevantes em mobilidade urbana<\/strong><\/p>\n\n\n\n<div style=\"height:30px\" aria-hidden=\"true\" class=\"wp-block-spacer\"><\/div>\n\n\n\n<div id=\"section-ge37b8b\" class=\"wp-block-gutentor-e6 section-ge37b8b gutentor-element gutentor-element-image text-align-center-desktop\"><div class=\"gutentor-element-image-box\"><div class=\"gutentor-image-thumb\"><img decoding=\"async\" class=\"normal-image\" src=\"https:\/\/sinicesp.org.br\/wp-content\/uploads\/2024\/03\/image-5.jpg\" \/><\/div><\/div><\/div>\n\n\n\n<p class=\"has-text-align-center has-small-font-size\"><em><em><em><em>Diretor-presidente da SP Obras, Yamauchi cita projetos para modernizar o servi\u00e7o de transporte na capital<\/em><\/em><\/em><\/em><\/p>\n\n\n\n<div style=\"height:30px\" aria-hidden=\"true\" class=\"wp-block-spacer\"><\/div>\n\n\n\n<p>O ano de 2024 promete desengavetar obras relevantes de mobilidade urbana na capital paulista. Segundo o diretor-presidente da SP Obras, Taka Yamauchi, s\u00e3o projetos que buscam modernizar o servi\u00e7o de transporte e impactar positivamente no dia a dia da popula\u00e7\u00e3o.<br><br>A lista inclui obras como BRT Radial Leste, BRT Aricanduva, duplica\u00e7\u00e3o da ponte Jurubatuba e da Av. Teot\u00f4nio Vilela, al\u00e9m de obras remanescentes do prolongamento da Av. Dr. Chucri Zaidan e de requalifica\u00e7\u00e3o dos corredores das avenidas Interlagos, Itapecerica e Amador Bueno da Veiga.<br><br>\u201cEst\u00e1 prevista, ainda, a licita\u00e7\u00e3o da liga\u00e7\u00e3o vi\u00e1ria Gra\u00fana Gaivotas, com uma travessia sobre a Represa Billings\u201d, conta Yamauchi.<br><br>\u201cAp\u00f3s libera\u00e7\u00e3o, tamb\u00e9m ser\u00e1 retomado o contrato de obras da liga\u00e7\u00e3o vi\u00e1ria Pirituba-Lapa, que vai interligar os dois lados da Avenida Raimundo Pereira de Magalh\u00e3es atrav\u00e9s de uma ponte sobre o Rio Tiet\u00ea\u201d, ele comenta, citando um projeto que havia sido paralisado por decis\u00e3o judicial em abril de 2020.<br><br>Seguindo o plano de combate \u00e0s enchentes, ser\u00e1 iniciada a constru\u00e7\u00e3o de um piscin\u00e3o na Av. Professor Luiz Ign\u00e1cio de Anhaia Mello, na Zona Leste, para conten\u00e7\u00e3o de cheias no C\u00f3rrego Mooca (MO-02), cujas obras est\u00e3o em fase de licita\u00e7\u00e3o.<br><br>Na rede municipal de educa\u00e7\u00e3o, Yamauchi informa que ser\u00e3o centrados esfor\u00e7os em reformar, ampliar e modernizar escolas. \u201cAdicionalmente, a SP Obras desenvolve estudos e projetos de 13 novos Centros Educacionais Unificados (CEUs), para ampliar a oferta educacional na cidade\u201d, ressalta.<br><br>Hoje, a SP Obras gerencia aproximadamente 730 interven\u00e7\u00f5es em diversas regi\u00f5es da cidade, abrangendo as \u00e1reas de educa\u00e7\u00e3o, mobilidade, requalifica\u00e7\u00e3o urbana e drenagem, al\u00e9m de obras realizadas por outras secretarias.<br><br>Com a Secretaria Municipal de Educa\u00e7\u00e3o, por exemplo, um investimento de R$ 2,9 bilh\u00f5es vem sendo feito dentro de um programa de revitaliza\u00e7\u00e3o de escolas, abrangendo mais de 1.600 obras, incluindo novas constru\u00e7\u00f5es, reformas, implanta\u00e7\u00e3o de equipamentos de lazer e cultura, reconstru\u00e7\u00e3o de muros de arrimo, entre outras.<br><br>Seguindo as diretrizes do Programa de Metas da Gest\u00e3o, a prefeitura afirma investir R$ 1,64 bilh\u00e3o em reforma e manuten\u00e7\u00e3o de pontes, viadutos, passarelas e t\u00faneis, buscando criar \u201cuma cultura de manuten\u00e7\u00e3o preventiva cont\u00ednua dessas estruturas para garantir a seguran\u00e7a e a qualidade da infraestrutura vi\u00e1ria\u201d. Ao todo, j\u00e1 foram conclu\u00eddas obras em 50 locais e outros 45 pontos est\u00e3o em andamento. Ao final do quadri\u00eanio 2021-2024, a perspectiva \u00e9 executar mais 290 interven\u00e7\u00f5es em Obras de Arte Especiais (OAEs), informa a SP Obras.<\/p>\n\n\n\n<div style=\"height:30px\" aria-hidden=\"true\" class=\"wp-block-spacer\"><\/div>\n\n\n\n<section class=\"wp-block-uagb-section uagb-section__wrap uagb-section__background-none uagb-block-878d9ae8\"><div class=\"uagb-section__overlay\"><\/div><div class=\"uagb-section__inner-wrap\">\n<p><strong>Saiba mais:<\/strong><\/p>\n\n\n\n<div style=\"height:30px\" aria-hidden=\"true\" class=\"wp-block-spacer\"><\/div>\n\n\n\n<p><strong>Casa Civil:<\/strong>&nbsp;<a href=\"http:\/\/www.gov.br\/casacivil\/pt-br\" target=\"_blank\" rel=\"noreferrer noopener\">www.gov.br\/casacivil\/pt-br<\/a><strong> Obras:<\/strong>&nbsp;<a href=\"http:\/\/www.prefeitura.sp.gov.br\/cidade\/secretarias\/obras\/sp_obras\" target=\"_blank\" rel=\"noreferrer noopener\">www.prefeitura.sp.gov.br\/cidade\/secretarias\/obras\/sp_obras<\/a><br><strong>Revista M&amp;T<\/strong>: <a title=\"\" href=\"https:\/\/revistamt.com.br\/\" target=\"_blank\" rel=\"noopener\">www.revistamt.com.br<\/a><br><strong>Sobratema<\/strong>: <a title=\"\" href=\"https:\/\/www.sobratema.org.br\/\" target=\"_blank\" rel=\"noopener\">www.sobratema.org.br<\/a><\/p>\n<\/div><\/section>\n\n\n\n<div style=\"height:60px\" aria-hidden=\"true\" class=\"wp-block-spacer\"><\/div>\n\n\n\n<div id=\"section-g002f3d\" class=\"wp-block-gutentor-e6 section-g002f3d gutentor-element gutentor-element-image text-align-center-desktop\"><div class=\"gutentor-element-image-box\"><a class=\"gutentor-element-image-link\" href=\"window.print()\"><div class=\"gutentor-image-thumb\"><img decoding=\"async\" class=\"normal-image\" src=\"https:\/\/sinicesp.org.br\/wp-content\/uploads\/2022\/01\/impressora.png\" \/><\/div><\/a><\/div><\/div>\n<\/div><\/section>\n","protected":false},"excerpt":{"rendered":"<p>O setor brasileiro da constru\u00e7\u00e3o deve se beneficiar da carteira de projetos anunciada sob o Novo PAC. As medidas apontam que o setor de constru\u00e7\u00e3o deve se beneficiar diretamente na carteira de projetos, at\u00e9 por servir de term\u00f4metro para a recupera\u00e7\u00e3o da economia.<\/p>\n","protected":false},"author":1,"featured_media":5379,"comment_status":"closed","ping_status":"closed","sticky":false,"template":"","format":"standard","meta":{"om_disable_all_campaigns":false,"_uag_custom_page_level_css":"","_monsterinsights_skip_tracking":false,"_monsterinsights_sitenote_active":false,"_monsterinsights_sitenote_note":"","_monsterinsights_sitenote_category":0,"site-sidebar-layout":"default","site-content-layout":"default","ast-site-content-layout":"default","site-content-style":"default","site-sidebar-style":"default","ast-global-header-display":"","ast-banner-title-visibility":"","ast-main-header-display":"","ast-hfb-above-header-display":"","ast-hfb-below-header-display":"","ast-hfb-mobile-header-display":"","site-post-title":"disabled","ast-breadcrumbs-content":"disabled","ast-featured-img":"","footer-sml-layout":"","ast-disable-related-posts":"","theme-transparent-header-meta":"default","adv-header-id-meta":"","stick-header-meta":"","header-above-stick-meta":"","header-main-stick-meta":"","header-below-stick-meta":"","astra-migrate-meta-layouts":"set","ast-page-background-enabled":"default","ast-page-background-meta":{"desktop":{"background-color":"","background-image":"","background-repeat":"repeat","background-position":"center center","background-size":"auto","background-attachment":"scroll","background-type":"","background-media":"","overlay-type":"","overlay-color":"","overlay-opacity":"","overlay-gradient":""},"tablet":{"background-color":"","background-image":"","background-repeat":"repeat","background-position":"center center","background-size":"auto","background-attachment":"scroll","background-type":"","background-media":"","overlay-type":"","overlay-color":"","overlay-opacity":"","overlay-gradient":""},"mobile":{"background-color":"","background-image":"","background-repeat":"repeat","background-position":"center center","background-size":"auto","background-attachment":"scroll","background-type":"","background-media":"","overlay-type":"","overlay-color":"","overlay-opacity":"","overlay-gradient":""}},"ast-content-background-meta":{"desktop":{"background-color":"var(--ast-global-color-5)","background-image":"","background-repeat":"repeat","background-position":"center center","background-size":"auto","background-attachment":"scroll","background-type":"","background-media":"","overlay-type":"","overlay-color":"","overlay-opacity":"","overlay-gradient":""},"tablet":{"background-color":"var(--ast-global-color-5)","background-image":"","background-repeat":"repeat","background-position":"center center","background-size":"auto","background-attachment":"scroll","background-type":"","background-media":"","overlay-type":"","overlay-color":"","overlay-opacity":"","overlay-gradient":""},"mobile":{"background-color":"var(--ast-global-color-5)","background-image":"","background-repeat":"repeat","background-position":"center center","background-size":"auto","background-attachment":"scroll","background-type":"","background-media":"","overlay-type":"","overlay-color":"","overlay-opacity":"","overlay-gradient":""}},"footnotes":""},"categories":[5],"tags":[414],"class_list":["post-5371","post","type-post","status-publish","format-standard","has-post-thumbnail","hentry","category-boletim-tecnico","tag-boletim-tecnico-no-01-07-03-2024"],"aioseo_notices":[],"gutentor_comment":0,"uagb_featured_image_src":{"full":["https:\/\/sinicesp.org.br\/wp-content\/uploads\/2024\/03\/bt-2024-01.jpg",250,167,false],"thumbnail":["https:\/\/sinicesp.org.br\/wp-content\/uploads\/2024\/03\/bt-2024-01-150x150.jpg",150,150,true],"medium":["https:\/\/sinicesp.org.br\/wp-content\/uploads\/2024\/03\/bt-2024-01.jpg",250,167,false],"medium_large":["https:\/\/sinicesp.org.br\/wp-content\/uploads\/2024\/03\/bt-2024-01.jpg",250,167,false],"large":["https:\/\/sinicesp.org.br\/wp-content\/uploads\/2024\/03\/bt-2024-01.jpg",250,167,false],"1536x1536":["https:\/\/sinicesp.org.br\/wp-content\/uploads\/2024\/03\/bt-2024-01.jpg",250,167,false],"2048x2048":["https:\/\/sinicesp.org.br\/wp-content\/uploads\/2024\/03\/bt-2024-01.jpg",250,167,false]},"uagb_author_info":{"display_name":"Rodrigo","author_link":"https:\/\/sinicesp.org.br\/index.php\/author\/sinicesp\/"},"uagb_comment_info":0,"uagb_excerpt":"O setor brasileiro da constru\u00e7\u00e3o deve se beneficiar da carteira de projetos anunciada sob o Novo PAC. As medidas apontam que o setor de constru\u00e7\u00e3o deve se beneficiar diretamente na carteira de projetos, at\u00e9 por servir de term\u00f4metro para a recupera\u00e7\u00e3o da economia.","_links":{"self":[{"href":"https:\/\/sinicesp.org.br\/index.php\/wp-json\/wp\/v2\/posts\/5371","targetHints":{"allow":["GET"]}}],"collection":[{"href":"https:\/\/sinicesp.org.br\/index.php\/wp-json\/wp\/v2\/posts"}],"about":[{"href":"https:\/\/sinicesp.org.br\/index.php\/wp-json\/wp\/v2\/types\/post"}],"author":[{"embeddable":true,"href":"https:\/\/sinicesp.org.br\/index.php\/wp-json\/wp\/v2\/users\/1"}],"replies":[{"embeddable":true,"href":"https:\/\/sinicesp.org.br\/index.php\/wp-json\/wp\/v2\/comments?post=5371"}],"version-history":[{"count":0,"href":"https:\/\/sinicesp.org.br\/index.php\/wp-json\/wp\/v2\/posts\/5371\/revisions"}],"wp:featuredmedia":[{"embeddable":true,"href":"https:\/\/sinicesp.org.br\/index.php\/wp-json\/wp\/v2\/media\/5379"}],"wp:attachment":[{"href":"https:\/\/sinicesp.org.br\/index.php\/wp-json\/wp\/v2\/media?parent=5371"}],"wp:term":[{"taxonomy":"category","embeddable":true,"href":"https:\/\/sinicesp.org.br\/index.php\/wp-json\/wp\/v2\/categories?post=5371"},{"taxonomy":"post_tag","embeddable":true,"href":"https:\/\/sinicesp.org.br\/index.php\/wp-json\/wp\/v2\/tags?post=5371"}],"curies":[{"name":"wp","href":"https:\/\/api.w.org\/{rel}","templated":true}]}}