{"id":5420,"date":"2024-03-27T14:03:01","date_gmt":"2024-03-27T17:03:01","guid":{"rendered":"https:\/\/sinicesp.org.br\/?p=5420"},"modified":"2024-03-27T14:03:03","modified_gmt":"2024-03-27T17:03:03","slug":"tst-valida-dispensa-de-controle-de-jornada-para-trabalho-externo","status":"publish","type":"post","link":"https:\/\/sinicesp.org.br\/index.php\/2024\/03\/27\/tst-valida-dispensa-de-controle-de-jornada-para-trabalho-externo\/","title":{"rendered":"TST valida dispensa de controle de jornada para trabalho externo"},"content":{"rendered":"\n<p><\/p>\n\n\n\n<section class=\"wp-block-uagb-section uagb-section__wrap uagb-section__background-color uagb-block-d5a5581e\"><div class=\"uagb-section__overlay\"><\/div><div class=\"uagb-section__inner-wrap\">\n<div style=\"height:10px\" aria-hidden=\"true\" class=\"wp-block-spacer\"><\/div>\n\n\n\n<div class=\"wp-block-uagb-advanced-heading uagb-block-36d776d1\"><h3 class=\"uagb-heading-text\"><br><strong>Boletim Jur\u00eddico n\u00ba 03\/2024 &#8211; 27\/03\/2024 <\/strong><\/h3><div class=\"uagb-separator\"><\/div><\/div>\n\n\n\n<p><\/p>\n<\/div><\/section>\n\n\n\n<section class=\"wp-block-uagb-section uagb-section__wrap uagb-section__background-color uagb-block-39dd2c69\"><div class=\"uagb-section__overlay\"><\/div><div class=\"uagb-section__inner-wrap\">\n<h2 class=\"wp-block-heading has-text-color\" id=\"stf-custas-poderao-ser-recolhidas-por-pix-ou-cartao-a-partir-de-abril\" style=\"color:#0767b1\"><strong><strong><strong><strong><strong><strong>TST valida dispensa de controle de jornada para trabalho externo<\/strong><\/strong><\/strong><\/strong><\/strong><\/strong><\/h2>\n\n\n\n<div style=\"height:30px\" aria-hidden=\"true\" class=\"wp-block-spacer\"><\/div>\n\n\n\n<p>O Supremo Tribunal Federal j\u00e1 decidiu que acordos e conven\u00e7\u00f5es coletivos podem limitar ou afastar direitos trabalhistas, desde que esses direitos n\u00e3o sejam indispon\u00edveis &#8211; aqueles dos quais o cidad\u00e3o n\u00e3o pode abrir m\u00e3o, listados no artigo 611-B da Consolida\u00e7\u00e3o das Leis do Trabalho (CLT) desde a reforma&nbsp;<strong>trabalhista<\/strong>&nbsp;de 2017. E o controle de jornada dos trabalhadores n\u00e3o est\u00e1 entre os direitos considerados indispon\u00edveis.<br><br>TST considerou que autor se enquadra em regra da CLT que dispensa controle de jornada a quem trabalha fora<br><br>Com esse entendimento, a 5\u00aa Turma do Tribunal Superior do Trabalho decidiu, na \u00faltima quarta-feira (6\/3), que uma ind\u00fastria de cigarros n\u00e3o precisa pagar horas extras pelo excesso de jornada, nem pela supress\u00e3o dos intervalos intrajornada e interjornada de um empregado que atuou como coordenador e gerente de seguran\u00e7a.<br><br>Os ministros enquadraram o trabalhador no inciso I do artigo 62 da CLT, que afasta a exig\u00eancia de controle de jornada para &#8216;empregados que exercem atividade externa incompat\u00edvel com a fixa\u00e7\u00e3o de hor\u00e1rio de trabalho&#8217;.<br><br>O colegiado discutiu uma norma coletiva que aplicou tal regra a todos os empregados que trabalham fora da sede da empresa.<br><br>O acordo firmado com o sindicato diz que tais trabalhadores t\u00eam &#8216;total autonomia para definir seus hor\u00e1rios de in\u00edcio e t\u00e9rmino de trabalho, assim como a forma de cumprimento de seu itiner\u00e1rio&#8217; e &#8216;n\u00e3o s\u00e3o subordinados a hor\u00e1rio de trabalho&#8217;, conforme a exce\u00e7\u00e3o da CLT.<br><br>Sem autonomia<br><br>A corte de segunda inst\u00e2ncia afastou a norma coletiva. Os desembargadores consideraram que o autor n\u00e3o tinha autonomia para definir os hor\u00e1rios de in\u00edcio e encerramento da sua jornada, pois ficava vinculado \u00e0 log\u00edstica das opera\u00e7\u00f5es e tinha de estar presente no come\u00e7o e no final das rotas.<br><br>O tribunal regional tamb\u00e9m apontou que o empregado precisava comparecer \u00e0 empresa nos hor\u00e1rios de sa\u00edda e chegada dos caminh\u00f5es e que sua frequ\u00eancia ao estabelecimento era di\u00e1ria &#8211; ou seja, seu trabalho n\u00e3o era, de fato, externo. A r\u00e9, ent\u00e3o, recorreu.<br><br>No TST, o ministro relator, Breno Medeiros, validou a norma coletiva e entendeu que a corte de segunda inst\u00e2ncia &#8216;acabou por desprestigiar a autonomia da vontade coletiva das partes&#8217;.<br><br>Para ele, o fato de o trabalhador comparecer \u00e0 empresa para acompanhar a chegada e a sa\u00edda de caminh\u00f5es n\u00e3o afasta sua autonomia para definir os hor\u00e1rios de in\u00edcio e t\u00e9rmino de trabalho e a forma de cumprimento de seu itinier\u00e1rio.<br><br><strong>Fonte<\/strong>: Consultor Jur\u00eddico<\/p>\n\n\n\n<div style=\"height:70px\" aria-hidden=\"true\" class=\"wp-block-spacer\"><\/div>\n\n\n\n<div id=\"section-gd8b8f0\" class=\"wp-block-gutentor-e6 section-gd8b8f0 gutentor-element gutentor-element-image text-align-center-desktop\"><div class=\"gutentor-element-image-box\"><a class=\"gutentor-element-image-link\" href=\"window.print()\"><div class=\"gutentor-image-thumb\"><img decoding=\"async\" class=\"normal-image\" src=\"https:\/\/sinicesp.org.br\/wp-content\/uploads\/2022\/01\/impressora.png\" \/><\/div><\/a><\/div><\/div>\n<\/div><\/section>\n","protected":false},"excerpt":{"rendered":"<p>O entendimento foi no sentido de que os trabalhadores que exercem atividades sem possibilidade de controle da jornada n\u00e3o t\u00eam direito ao pagamento de horas extras.<\/p>\n","protected":false},"author":1,"featured_media":5421,"comment_status":"closed","ping_status":"closed","sticky":false,"template":"","format":"standard","meta":{"om_disable_all_campaigns":false,"_uag_custom_page_level_css":"","_monsterinsights_skip_tracking":false,"_monsterinsights_sitenote_active":false,"_monsterinsights_sitenote_note":"","_monsterinsights_sitenote_category":0,"site-sidebar-layout":"default","site-content-layout":"default","ast-site-content-layout":"default","site-content-style":"default","site-sidebar-style":"default","ast-global-header-display":"","ast-banner-title-visibility":"","ast-main-header-display":"","ast-hfb-above-header-display":"","ast-hfb-below-header-display":"","ast-hfb-mobile-header-display":"","site-post-title":"disabled","ast-breadcrumbs-content":"disabled","ast-featured-img":"","footer-sml-layout":"","ast-disable-related-posts":"","theme-transparent-header-meta":"default","adv-header-id-meta":"","stick-header-meta":"","header-above-stick-meta":"","header-main-stick-meta":"","header-below-stick-meta":"","astra-migrate-meta-layouts":"set","ast-page-background-enabled":"default","ast-page-background-meta":{"desktop":{"background-color":"","background-image":"","background-repeat":"repeat","background-position":"center center","background-size":"auto","background-attachment":"scroll","background-type":"","background-media":"","overlay-type":"","overlay-color":"","overlay-opacity":"","overlay-gradient":""},"tablet":{"background-color":"","background-image":"","background-repeat":"repeat","background-position":"center center","background-size":"auto","background-attachment":"scroll","background-type":"","background-media":"","overlay-type":"","overlay-color":"","overlay-opacity":"","overlay-gradient":""},"mobile":{"background-color":"","background-image":"","background-repeat":"repeat","background-position":"center center","background-size":"auto","background-attachment":"scroll","background-type":"","background-media":"","overlay-type":"","overlay-color":"","overlay-opacity":"","overlay-gradient":""}},"ast-content-background-meta":{"desktop":{"background-color":"var(--ast-global-color-5)","background-image":"","background-repeat":"repeat","background-position":"center center","background-size":"auto","background-attachment":"scroll","background-type":"","background-media":"","overlay-type":"","overlay-color":"","overlay-opacity":"","overlay-gradient":""},"tablet":{"background-color":"var(--ast-global-color-5)","background-image":"","background-repeat":"repeat","background-position":"center center","background-size":"auto","background-attachment":"scroll","background-type":"","background-media":"","overlay-type":"","overlay-color":"","overlay-opacity":"","overlay-gradient":""},"mobile":{"background-color":"var(--ast-global-color-5)","background-image":"","background-repeat":"repeat","background-position":"center center","background-size":"auto","background-attachment":"scroll","background-type":"","background-media":"","overlay-type":"","overlay-color":"","overlay-opacity":"","overlay-gradient":""}},"footnotes":""},"categories":[4],"tags":[395],"class_list":["post-5420","post","type-post","status-publish","format-standard","has-post-thumbnail","hentry","category-boletim-juridico","tag-boletim-juridico-no-03-2024-27-03-2024"],"aioseo_notices":[],"gutentor_comment":0,"uagb_featured_image_src":{"full":["https:\/\/sinicesp.org.br\/wp-content\/uploads\/2024\/03\/boletim-juridico-2024-03b-pequena.jpg",250,167,false],"thumbnail":["https:\/\/sinicesp.org.br\/wp-content\/uploads\/2024\/03\/boletim-juridico-2024-03b-pequena-150x150.jpg",150,150,true],"medium":["https:\/\/sinicesp.org.br\/wp-content\/uploads\/2024\/03\/boletim-juridico-2024-03b-pequena.jpg",250,167,false],"medium_large":["https:\/\/sinicesp.org.br\/wp-content\/uploads\/2024\/03\/boletim-juridico-2024-03b-pequena.jpg",250,167,false],"large":["https:\/\/sinicesp.org.br\/wp-content\/uploads\/2024\/03\/boletim-juridico-2024-03b-pequena.jpg",250,167,false],"1536x1536":["https:\/\/sinicesp.org.br\/wp-content\/uploads\/2024\/03\/boletim-juridico-2024-03b-pequena.jpg",250,167,false],"2048x2048":["https:\/\/sinicesp.org.br\/wp-content\/uploads\/2024\/03\/boletim-juridico-2024-03b-pequena.jpg",250,167,false]},"uagb_author_info":{"display_name":"Rodrigo","author_link":"https:\/\/sinicesp.org.br\/index.php\/author\/sinicesp\/"},"uagb_comment_info":0,"uagb_excerpt":"O entendimento foi no sentido de que os trabalhadores que exercem atividades sem possibilidade de controle da jornada n\u00e3o t\u00eam direito ao pagamento de horas extras.","_links":{"self":[{"href":"https:\/\/sinicesp.org.br\/index.php\/wp-json\/wp\/v2\/posts\/5420","targetHints":{"allow":["GET"]}}],"collection":[{"href":"https:\/\/sinicesp.org.br\/index.php\/wp-json\/wp\/v2\/posts"}],"about":[{"href":"https:\/\/sinicesp.org.br\/index.php\/wp-json\/wp\/v2\/types\/post"}],"author":[{"embeddable":true,"href":"https:\/\/sinicesp.org.br\/index.php\/wp-json\/wp\/v2\/users\/1"}],"replies":[{"embeddable":true,"href":"https:\/\/sinicesp.org.br\/index.php\/wp-json\/wp\/v2\/comments?post=5420"}],"version-history":[{"count":0,"href":"https:\/\/sinicesp.org.br\/index.php\/wp-json\/wp\/v2\/posts\/5420\/revisions"}],"wp:featuredmedia":[{"embeddable":true,"href":"https:\/\/sinicesp.org.br\/index.php\/wp-json\/wp\/v2\/media\/5421"}],"wp:attachment":[{"href":"https:\/\/sinicesp.org.br\/index.php\/wp-json\/wp\/v2\/media?parent=5420"}],"wp:term":[{"taxonomy":"category","embeddable":true,"href":"https:\/\/sinicesp.org.br\/index.php\/wp-json\/wp\/v2\/categories?post=5420"},{"taxonomy":"post_tag","embeddable":true,"href":"https:\/\/sinicesp.org.br\/index.php\/wp-json\/wp\/v2\/tags?post=5420"}],"curies":[{"name":"wp","href":"https:\/\/api.w.org\/{rel}","templated":true}]}}