{"id":5423,"date":"2024-03-27T14:03:19","date_gmt":"2024-03-27T17:03:19","guid":{"rendered":"https:\/\/sinicesp.org.br\/?p=5423"},"modified":"2024-03-27T14:03:20","modified_gmt":"2024-03-27T17:03:20","slug":"tst-autoriza-desconto-de-salario-por-banco-de-horas-negativo","status":"publish","type":"post","link":"https:\/\/sinicesp.org.br\/index.php\/2024\/03\/27\/tst-autoriza-desconto-de-salario-por-banco-de-horas-negativo\/","title":{"rendered":"TST autoriza desconto de sal\u00e1rio por banco de horas negativo"},"content":{"rendered":"\n<p><\/p>\n\n\n\n<section class=\"wp-block-uagb-section uagb-section__wrap uagb-section__background-color uagb-block-d5a5581e\"><div class=\"uagb-section__overlay\"><\/div><div class=\"uagb-section__inner-wrap\">\n<div style=\"height:10px\" aria-hidden=\"true\" class=\"wp-block-spacer\"><\/div>\n\n\n\n<div class=\"wp-block-uagb-advanced-heading uagb-block-36d776d1\"><h3 class=\"uagb-heading-text\"><br><strong>Boletim Jur\u00eddico n\u00ba 03\/2024 &#8211; 27\/03\/2024 <\/strong><\/h3><div class=\"uagb-separator\"><\/div><\/div>\n\n\n\n<p><\/p>\n<\/div><\/section>\n\n\n\n<section class=\"wp-block-uagb-section uagb-section__wrap uagb-section__background-color uagb-block-39dd2c69\"><div class=\"uagb-section__overlay\"><\/div><div class=\"uagb-section__inner-wrap\">\n<h2 class=\"wp-block-heading has-text-color\" id=\"stf-custas-poderao-ser-recolhidas-por-pix-ou-cartao-a-partir-de-abril\" style=\"color:#0767b1\"><strong><strong><strong><strong><strong><strong><strong>TST autoriza desconto de sal\u00e1rio por banco de horas negativo<\/strong><\/strong><\/strong><\/strong><\/strong><\/strong><\/strong><\/h2>\n\n\n\n<div style=\"height:30px\" aria-hidden=\"true\" class=\"wp-block-spacer\"><\/div>\n\n\n\n<p>Decis\u00e3o vai ao encontro de regra da reforma trabalhista; compensa\u00e7\u00e3o de saldo positivo com adicional tamb\u00e9m \u00e9 aprovada.<br><br>A 2\u00aa Turma do TST (Tribunal Superior do Trabalho) reconheceu a validade de uma conven\u00e7\u00e3o coletiva que autoriza o desconto de sal\u00e1rio em casos de banco de horas negativo. Compensa\u00e7\u00e3o em caso de saldo positivo no banco de horas tamb\u00e9m \u00e9 aprovada.<br><br>A decis\u00e3o de relatoria da ministra Maria Helena Mallmann contou com a unanimidade dos 3 integrantes da Turma. Os magistrados reconheceram que o acordo se sobrepunha \u00e0 legisla\u00e7\u00e3o, conforme mudan\u00e7a na CLT (Consolida\u00e7\u00e3o das Leis do Trabalho).<br><br>A reforma trabalhista de 2017 define que acordos e conven\u00e7\u00f5es coletivas se sobrep\u00f5em \u00e0s leis trabalhistas. Na \u00e9poca, faltava a Corte dizer como ficavam os casos anteriores \u00e0 reforma.<br><br>O STF (Supremo Tribunal Superior) decidiu em junho de 2022, por maioria, que conven\u00e7\u00f5es e acordos coletivos podem limitar ou restringir direitos que constam em leis trabalhistas, mas n\u00e3o na Constitui\u00e7\u00e3o Federal.<br><br>A 2\u00aa Turma acordou em se alinhar \u00e0 decis\u00e3o do STF em 21 de fevereiro de 2024. O TST argumentou na decis\u00e3o que a CLT, ao tratar da possibilidade de compensa\u00e7\u00e3o de horas, n\u00e3o prev\u00ea descontos de horas n\u00e3o compensadas, mas tamb\u00e9m n\u00e3o pro\u00edbe a pr\u00e1tica.<br><br>O entendimento do tribunal \u00e9 de que o desconto n\u00e3o \u00e9, portanto, \u201cincompat\u00edvel\u201d com a Constitui\u00e7\u00e3o Federal.<br><br>A conven\u00e7\u00e3o estabeleceu que o funcion\u00e1rio deve ter jornada de trabalho de 8 horas di\u00e1rias e 44 horas semanais. Em caso de n\u00e3o cumprimento da carga, poder\u00e1 ser descontado do sal\u00e1rio valor que corresponde \u00e0s horas negativas ao final de 12 meses ou nas verbas rescis\u00f3rias, em casos de pedido de demiss\u00e3o ou dispensa por justa causa.<br><br>A argumenta\u00e7\u00e3o defende \u201ca institui\u00e7\u00e3o de \u2018banco de horas\u2019 com a possibilidade de desconto do tempo injustificadamente n\u00e3o trabalhado ao final de cada per\u00edodo de 12 meses ou nas verbas rescis\u00f3rias em casos de pedido de demiss\u00e3o ou dispensa por justa causa n\u00e3o \u00e9 incompat\u00edvel com a Constitui\u00e7\u00e3o Federal, tratado internacional ou norma de medicina e seguran\u00e7a do trabalho\u201d.<br><br>A norma aut\u00f4noma mencionada oferece ao trabalhador a chance de compensar no per\u00edodo de 12 meses as faltas e atrasos antes do desconto na folha de pagamento.<br><br>Em caso de saldo positivo, \u00e9 defendida tamb\u00e9m a compensa\u00e7\u00e3o do per\u00edodo trabalhado fora da carga hor\u00e1ria. \u201cCom efeito, o regime jur\u00eddico assegurado pela Constitui\u00e7\u00e3o Federal atinente ao labor sobre jornada imp\u00f5e o pagamento das horas extras com adicional de, no m\u00ednimo, 50% em rela\u00e7\u00e3o ao sal\u00e1rio-hora normal ou compensa\u00e7\u00e3o de hor\u00e1rios\u201d, decidiu a ministra.<br><br><strong>Fonte<\/strong>: Portal Poder 360<\/p>\n\n\n\n<div style=\"height:70px\" aria-hidden=\"true\" class=\"wp-block-spacer\"><\/div>\n\n\n\n<div id=\"section-g86f471\" class=\"wp-block-gutentor-e6 section-g86f471 gutentor-element gutentor-element-image text-align-center-desktop\"><div class=\"gutentor-element-image-box\"><a class=\"gutentor-element-image-link\" href=\"window.print()\"><div class=\"gutentor-image-thumb\"><img decoding=\"async\" class=\"normal-image\" src=\"https:\/\/sinicesp.org.br\/wp-content\/uploads\/2022\/01\/impressora.png\" \/><\/div><\/a><\/div><\/div>\n<\/div><\/section>\n","protected":false},"excerpt":{"rendered":"<p>As horas negativas poder\u00e3o ser descontadas do sal\u00e1rio ao final do prazo do Banco de Horas ou nas verbas rescis\u00f3rias.<\/p>\n","protected":false},"author":1,"featured_media":5424,"comment_status":"closed","ping_status":"closed","sticky":false,"template":"","format":"standard","meta":{"om_disable_all_campaigns":false,"_uag_custom_page_level_css":"","_monsterinsights_skip_tracking":false,"_monsterinsights_sitenote_active":false,"_monsterinsights_sitenote_note":"","_monsterinsights_sitenote_category":0,"site-sidebar-layout":"default","site-content-layout":"default","ast-site-content-layout":"default","site-content-style":"default","site-sidebar-style":"default","ast-global-header-display":"","ast-banner-title-visibility":"","ast-main-header-display":"","ast-hfb-above-header-display":"","ast-hfb-below-header-display":"","ast-hfb-mobile-header-display":"","site-post-title":"disabled","ast-breadcrumbs-content":"disabled","ast-featured-img":"","footer-sml-layout":"","ast-disable-related-posts":"","theme-transparent-header-meta":"default","adv-header-id-meta":"","stick-header-meta":"","header-above-stick-meta":"","header-main-stick-meta":"","header-below-stick-meta":"","astra-migrate-meta-layouts":"set","ast-page-background-enabled":"default","ast-page-background-meta":{"desktop":{"background-color":"","background-image":"","background-repeat":"repeat","background-position":"center center","background-size":"auto","background-attachment":"scroll","background-type":"","background-media":"","overlay-type":"","overlay-color":"","overlay-opacity":"","overlay-gradient":""},"tablet":{"background-color":"","background-image":"","background-repeat":"repeat","background-position":"center center","background-size":"auto","background-attachment":"scroll","background-type":"","background-media":"","overlay-type":"","overlay-color":"","overlay-opacity":"","overlay-gradient":""},"mobile":{"background-color":"","background-image":"","background-repeat":"repeat","background-position":"center center","background-size":"auto","background-attachment":"scroll","background-type":"","background-media":"","overlay-type":"","overlay-color":"","overlay-opacity":"","overlay-gradient":""}},"ast-content-background-meta":{"desktop":{"background-color":"var(--ast-global-color-5)","background-image":"","background-repeat":"repeat","background-position":"center center","background-size":"auto","background-attachment":"scroll","background-type":"","background-media":"","overlay-type":"","overlay-color":"","overlay-opacity":"","overlay-gradient":""},"tablet":{"background-color":"var(--ast-global-color-5)","background-image":"","background-repeat":"repeat","background-position":"center center","background-size":"auto","background-attachment":"scroll","background-type":"","background-media":"","overlay-type":"","overlay-color":"","overlay-opacity":"","overlay-gradient":""},"mobile":{"background-color":"var(--ast-global-color-5)","background-image":"","background-repeat":"repeat","background-position":"center center","background-size":"auto","background-attachment":"scroll","background-type":"","background-media":"","overlay-type":"","overlay-color":"","overlay-opacity":"","overlay-gradient":""}},"footnotes":""},"categories":[4],"tags":[395],"class_list":["post-5423","post","type-post","status-publish","format-standard","has-post-thumbnail","hentry","category-boletim-juridico","tag-boletim-juridico-no-03-2024-27-03-2024"],"aioseo_notices":[],"gutentor_comment":0,"uagb_featured_image_src":{"full":["https:\/\/sinicesp.org.br\/wp-content\/uploads\/2024\/03\/boletim-juridico-2024-03a-pequena.jpg",250,167,false],"thumbnail":["https:\/\/sinicesp.org.br\/wp-content\/uploads\/2024\/03\/boletim-juridico-2024-03a-pequena-150x150.jpg",150,150,true],"medium":["https:\/\/sinicesp.org.br\/wp-content\/uploads\/2024\/03\/boletim-juridico-2024-03a-pequena.jpg",250,167,false],"medium_large":["https:\/\/sinicesp.org.br\/wp-content\/uploads\/2024\/03\/boletim-juridico-2024-03a-pequena.jpg",250,167,false],"large":["https:\/\/sinicesp.org.br\/wp-content\/uploads\/2024\/03\/boletim-juridico-2024-03a-pequena.jpg",250,167,false],"1536x1536":["https:\/\/sinicesp.org.br\/wp-content\/uploads\/2024\/03\/boletim-juridico-2024-03a-pequena.jpg",250,167,false],"2048x2048":["https:\/\/sinicesp.org.br\/wp-content\/uploads\/2024\/03\/boletim-juridico-2024-03a-pequena.jpg",250,167,false]},"uagb_author_info":{"display_name":"Rodrigo","author_link":"https:\/\/sinicesp.org.br\/index.php\/author\/sinicesp\/"},"uagb_comment_info":0,"uagb_excerpt":"As horas negativas poder\u00e3o ser descontadas do sal\u00e1rio ao final do prazo do Banco de Horas ou nas verbas rescis\u00f3rias.","_links":{"self":[{"href":"https:\/\/sinicesp.org.br\/index.php\/wp-json\/wp\/v2\/posts\/5423","targetHints":{"allow":["GET"]}}],"collection":[{"href":"https:\/\/sinicesp.org.br\/index.php\/wp-json\/wp\/v2\/posts"}],"about":[{"href":"https:\/\/sinicesp.org.br\/index.php\/wp-json\/wp\/v2\/types\/post"}],"author":[{"embeddable":true,"href":"https:\/\/sinicesp.org.br\/index.php\/wp-json\/wp\/v2\/users\/1"}],"replies":[{"embeddable":true,"href":"https:\/\/sinicesp.org.br\/index.php\/wp-json\/wp\/v2\/comments?post=5423"}],"version-history":[{"count":0,"href":"https:\/\/sinicesp.org.br\/index.php\/wp-json\/wp\/v2\/posts\/5423\/revisions"}],"wp:featuredmedia":[{"embeddable":true,"href":"https:\/\/sinicesp.org.br\/index.php\/wp-json\/wp\/v2\/media\/5424"}],"wp:attachment":[{"href":"https:\/\/sinicesp.org.br\/index.php\/wp-json\/wp\/v2\/media?parent=5423"}],"wp:term":[{"taxonomy":"category","embeddable":true,"href":"https:\/\/sinicesp.org.br\/index.php\/wp-json\/wp\/v2\/categories?post=5423"},{"taxonomy":"post_tag","embeddable":true,"href":"https:\/\/sinicesp.org.br\/index.php\/wp-json\/wp\/v2\/tags?post=5423"}],"curies":[{"name":"wp","href":"https:\/\/api.w.org\/{rel}","templated":true}]}}