{"id":5524,"date":"2024-04-24T14:16:52","date_gmt":"2024-04-24T17:16:52","guid":{"rendered":"https:\/\/sinicesp.org.br\/?p=5524"},"modified":"2024-05-03T11:17:32","modified_gmt":"2024-05-03T14:17:32","slug":"brasinfra-e-recebida-em-audiencia-no-tcu","status":"publish","type":"post","link":"https:\/\/sinicesp.org.br\/index.php\/2024\/04\/24\/brasinfra-e-recebida-em-audiencia-no-tcu\/","title":{"rendered":"BRASINFRA \u00e9 recebida em audi\u00eancia no TCU"},"content":{"rendered":"\n<section class=\"wp-block-uagb-section uagb-section__wrap uagb-section__background-undefined alignfull uagb-block-998d3ed5\"><div class=\"uagb-section__overlay\"><\/div><div class=\"uagb-section__inner-wrap\"><\/div><\/section>\n\n\n\n<section class=\"wp-block-uagb-section uagb-section__wrap uagb-section__background-color uagb-block-844792b5\"><div class=\"uagb-section__overlay\"><\/div><div class=\"uagb-section__inner-wrap\">\n<div style=\"height:11px\" aria-hidden=\"true\" class=\"wp-block-spacer\"><\/div>\n\n\n\n<div class=\"wp-block-uagb-advanced-heading uagb-block-49dea6fc\"><h3 class=\"uagb-heading-text\"><br><strong>\u00daltimas Not\u00edcias n\u00ba 16 (24\/04\/2024) <\/strong><\/h3><div class=\"uagb-separator\"><\/div><\/div>\n<\/div><\/section>\n\n\n\n<section class=\"wp-block-uagb-section uagb-section__wrap uagb-section__background-color uagb-block-2bd3adbe\"><div class=\"uagb-section__overlay\"><\/div><div class=\"uagb-section__inner-wrap\">\n<h2 class=\"wp-block-heading has-text-align-left has-text-color\" id=\"agencia-infra-publica-informacao-sobre-estudo-realizado-pela-brasinfra-sobre-a-nova-lei-de-licitacoes-e-contratos\" style=\"color:#0767b1\"><strong><strong><strong><strong><strong><strong><strong><strong><strong><strong><strong><strong><strong><strong>BRASINFRA \u00e9 recebida em audi\u00eancia no TCU<\/strong><\/strong><\/strong><\/strong><\/strong><\/strong><\/strong><\/strong><\/strong><\/strong><\/strong><\/strong><\/strong><\/strong><\/h2>\n\n\n\n<div style=\"height:20px\" aria-hidden=\"true\" class=\"wp-block-spacer\"><\/div>\n\n\n\n<p>Atendendo solicita\u00e7\u00e3o encaminhada pela BRASINFRA, o ministro Augusto Nardes, do Tribunal de Contas da Uni\u00e3o, recebeu em audi\u00eancia o presidente da BRASINFRA, Jos\u00e9 Alberto Pereira Ribeiro, e o diretor administrativo-financeiro Carlos Alberto Laurito. <br><br>O encontro ocorrido na sede do Tribunal, em Bras\u00edlia, no dia 16 de abril, serviu para que a BRASINFRA demonstrasse sua preocupa\u00e7\u00e3o em rela\u00e7\u00e3o \u00e0 diretriz estabelecida no \u00a7 4\u00ba do artigo 59 da Lei Federal 14.133\/21, a Nova Lei de Licita\u00e7\u00f5es, que estabelece que, no caso de obras e servi\u00e7os de engenharia, ser\u00e3o consideradas inexequ\u00edveis as propostas cujos valores forem inferiores a 75% do valor or\u00e7ado pela Administra\u00e7\u00e3o.<\/p>\n\n\n\n<div style=\"height:25px\" aria-hidden=\"true\" class=\"wp-block-spacer\"><\/div>\n\n\n\n<div id=\"section-g21ad86\" class=\"wp-block-gutentor-e6 section-g21ad86 gutentor-element gutentor-element-image text-align-center-desktop\"><div class=\"gutentor-element-image-box\"><div class=\"gutentor-image-thumb\"><img decoding=\"async\" class=\"normal-image\" src=\"https:\/\/sinicesp.org.br\/wp-content\/uploads\/2024\/04\/brasinfra-tcu-2024-interna.jpg\" \/><\/div><\/div><\/div>\n\n\n\n<div style=\"height:25px\" aria-hidden=\"true\" class=\"wp-block-spacer\"><\/div>\n\n\n\n<p>Nesse sentido, o presidente da BRASINFRA comentou na audi\u00eancia o recente ac\u00f3rd\u00e3o do Tribunal de Contas da Uni\u00e3o, n\u00ba 2198\/2023, orientando que \u201cn\u00e3o h\u00e1 que se cogitar da realiza\u00e7\u00e3o de dilig\u00eancias para aferir a inexequibilidade, pois o lance abaixo daquele percentual de 75% j\u00e1 \u00e9 identificado pela pr\u00f3pria lei como inexequ\u00edvel, devendo a proposta ser desclassificada.\u2019\u2019<br><br>A BRASINFRA avalia que devem ser desconsiderados os entendimentos doutrin\u00e1rios que defendam que a inexequibilidade do \u00a7 4\u00ba do art. 59 \u00e9 relativa, admitindo a realiza\u00e7\u00e3o de dilig\u00eancia. Para a entidade, o que deve prevalecer \u00e9 que a proposta que n\u00e3o observe o valor estabelecido no \u00a7 4\u00ba deva ser automaticamente desclassificada.<br><br>Em outras palavras, a dilig\u00eancia s\u00f3 cabe nos casos de bens e servi\u00e7os em geral e n\u00e3o se aplica \u00e0s obras e servi\u00e7os de engenharia. Para esses, apresentada proposta com valor inferior a 75% do pre\u00e7o de refer\u00eancia, n\u00e3o h\u00e1 d\u00favidas quanto \u00e0 sua inexequibilidade.<br><br>O ministro Augusto Nardes recebeu a manifesta\u00e7\u00e3o da BRASINFRA sobre o tema, condensado por meio de um of\u00edcio da BRASINFRA e encaminhou para an\u00e1lise do corpo t\u00e9cnico do TCU.<br><br><strong>Governan\u00e7a em infraestrutura<\/strong><br><br>Ainda durante a audi\u00eancia, foi entregue ao ministro a colet\u00e2nea de estudos realizados pela BRASINFRA, \u201cA<em> infraestrutura brasileira perante a Nova Lei de Licita\u00e7\u00f5es e Contratos<\/em>\u201d, que traz an\u00e1lises, posicionamentos e recomenda\u00e7\u00f5es sobre a Lei Federal 14.133\/21, condensadas em um livro composto de 12 tomos.<br><br>Ap\u00f3s saber sobre a atua\u00e7\u00e3o da BRASINFRA e sua representatividade no cen\u00e1rio da infraestrutura nacional, o ministro Augusto Nardes convidou a entidade a participar de evento que ser\u00e1 realizado no m\u00eas de agosto, na sede do TCU, que vai abordar a import\u00e2ncia da governan\u00e7a na infraestrutura nacional e nos pa\u00edses da Am\u00e9rica do Sul.<\/p>\n\n\n\n<div style=\"height:70px\" aria-hidden=\"true\" class=\"wp-block-spacer\"><\/div>\n\n\n\n<div id=\"section-g6b79e9\" class=\"wp-block-gutentor-e6 section-g6b79e9 gutentor-element gutentor-element-image text-align-center-desktop\"><div class=\"gutentor-element-image-box\"><a class=\"gutentor-element-image-link\" href=\"window.print()\"><div class=\"gutentor-image-thumb\"><img decoding=\"async\" class=\"normal-image\" src=\"https:\/\/sinicesp.org.br\/wp-content\/uploads\/2022\/01\/impressora.png\" \/><\/div><\/a><\/div><\/div>\n<\/div><\/section>\n","protected":false},"excerpt":{"rendered":"<p>Atendendo solicita\u00e7\u00e3o encaminhada pela BRASINFRA, o ministro Augusto Nardes, do Tribunal de Contas da Uni\u00e3o, recebeu em audi\u00eancia o presidente da BRASINFRA, Jos\u00e9 Alberto Pereira Ribeiro, e o diretor administrativo-financeiro Carlos Alberto Laurito.<\/p>\n","protected":false},"author":1,"featured_media":5525,"comment_status":"closed","ping_status":"closed","sticky":false,"template":"","format":"standard","meta":{"om_disable_all_campaigns":false,"_uag_custom_page_level_css":"","_monsterinsights_skip_tracking":false,"_monsterinsights_sitenote_active":false,"_monsterinsights_sitenote_note":"","_monsterinsights_sitenote_category":0,"site-sidebar-layout":"default","site-content-layout":"plain-container","ast-site-content-layout":"normal-width-container","site-content-style":"unboxed","site-sidebar-style":"unboxed","ast-global-header-display":"","ast-banner-title-visibility":"","ast-main-header-display":"","ast-hfb-above-header-display":"","ast-hfb-below-header-display":"","ast-hfb-mobile-header-display":"","site-post-title":"disabled","ast-breadcrumbs-content":"","ast-featured-img":"disabled","footer-sml-layout":"","ast-disable-related-posts":"","theme-transparent-header-meta":"default","adv-header-id-meta":"","stick-header-meta":"","header-above-stick-meta":"","header-main-stick-meta":"","header-below-stick-meta":"","astra-migrate-meta-layouts":"set","ast-page-background-enabled":"default","ast-page-background-meta":{"desktop":{"background-color":"","background-image":"","background-repeat":"repeat","background-position":"center center","background-size":"auto","background-attachment":"scroll","background-type":"","background-media":"","overlay-type":"","overlay-color":"","overlay-opacity":"","overlay-gradient":""},"tablet":{"background-color":"","background-image":"","background-repeat":"repeat","background-position":"center center","background-size":"auto","background-attachment":"scroll","background-type":"","background-media":"","overlay-type":"","overlay-color":"","overlay-opacity":"","overlay-gradient":""},"mobile":{"background-color":"","background-image":"","background-repeat":"repeat","background-position":"center center","background-size":"auto","background-attachment":"scroll","background-type":"","background-media":"","overlay-type":"","overlay-color":"","overlay-opacity":"","overlay-gradient":""}},"ast-content-background-meta":{"desktop":{"background-color":"var(--ast-global-color-5)","background-image":"","background-repeat":"repeat","background-position":"center center","background-size":"auto","background-attachment":"scroll","background-type":"","background-media":"","overlay-type":"","overlay-color":"","overlay-opacity":"","overlay-gradient":""},"tablet":{"background-color":"var(--ast-global-color-5)","background-image":"","background-repeat":"repeat","background-position":"center center","background-size":"auto","background-attachment":"scroll","background-type":"","background-media":"","overlay-type":"","overlay-color":"","overlay-opacity":"","overlay-gradient":""},"mobile":{"background-color":"var(--ast-global-color-5)","background-image":"","background-repeat":"repeat","background-position":"center center","background-size":"auto","background-attachment":"scroll","background-type":"","background-media":"","overlay-type":"","overlay-color":"","overlay-opacity":"","overlay-gradient":""}},"footnotes":""},"categories":[6],"tags":[406],"class_list":["post-5524","post","type-post","status-publish","format-standard","has-post-thumbnail","hentry","category-ultimas-noticias","tag-ultimas-noticias-no-16-24-04-2024"],"aioseo_notices":[],"gutentor_comment":0,"uagb_featured_image_src":{"full":["https:\/\/sinicesp.org.br\/wp-content\/uploads\/2024\/04\/ultimas-2024-16-destaque.jpg",250,167,false],"thumbnail":["https:\/\/sinicesp.org.br\/wp-content\/uploads\/2024\/04\/ultimas-2024-16-destaque-150x150.jpg",150,150,true],"medium":["https:\/\/sinicesp.org.br\/wp-content\/uploads\/2024\/04\/ultimas-2024-16-destaque.jpg",250,167,false],"medium_large":["https:\/\/sinicesp.org.br\/wp-content\/uploads\/2024\/04\/ultimas-2024-16-destaque.jpg",250,167,false],"large":["https:\/\/sinicesp.org.br\/wp-content\/uploads\/2024\/04\/ultimas-2024-16-destaque.jpg",250,167,false],"1536x1536":["https:\/\/sinicesp.org.br\/wp-content\/uploads\/2024\/04\/ultimas-2024-16-destaque.jpg",250,167,false],"2048x2048":["https:\/\/sinicesp.org.br\/wp-content\/uploads\/2024\/04\/ultimas-2024-16-destaque.jpg",250,167,false]},"uagb_author_info":{"display_name":"Rodrigo","author_link":"https:\/\/sinicesp.org.br\/index.php\/author\/sinicesp\/"},"uagb_comment_info":0,"uagb_excerpt":"Atendendo solicita\u00e7\u00e3o encaminhada pela BRASINFRA, o ministro Augusto Nardes, do Tribunal de Contas da Uni\u00e3o, recebeu em audi\u00eancia o presidente da BRASINFRA, Jos\u00e9 Alberto Pereira Ribeiro, e o diretor administrativo-financeiro Carlos Alberto Laurito.","_links":{"self":[{"href":"https:\/\/sinicesp.org.br\/index.php\/wp-json\/wp\/v2\/posts\/5524","targetHints":{"allow":["GET"]}}],"collection":[{"href":"https:\/\/sinicesp.org.br\/index.php\/wp-json\/wp\/v2\/posts"}],"about":[{"href":"https:\/\/sinicesp.org.br\/index.php\/wp-json\/wp\/v2\/types\/post"}],"author":[{"embeddable":true,"href":"https:\/\/sinicesp.org.br\/index.php\/wp-json\/wp\/v2\/users\/1"}],"replies":[{"embeddable":true,"href":"https:\/\/sinicesp.org.br\/index.php\/wp-json\/wp\/v2\/comments?post=5524"}],"version-history":[{"count":0,"href":"https:\/\/sinicesp.org.br\/index.php\/wp-json\/wp\/v2\/posts\/5524\/revisions"}],"wp:featuredmedia":[{"embeddable":true,"href":"https:\/\/sinicesp.org.br\/index.php\/wp-json\/wp\/v2\/media\/5525"}],"wp:attachment":[{"href":"https:\/\/sinicesp.org.br\/index.php\/wp-json\/wp\/v2\/media?parent=5524"}],"wp:term":[{"taxonomy":"category","embeddable":true,"href":"https:\/\/sinicesp.org.br\/index.php\/wp-json\/wp\/v2\/categories?post=5524"},{"taxonomy":"post_tag","embeddable":true,"href":"https:\/\/sinicesp.org.br\/index.php\/wp-json\/wp\/v2\/tags?post=5524"}],"curies":[{"name":"wp","href":"https:\/\/api.w.org\/{rel}","templated":true}]}}