{"id":5637,"date":"2024-05-29T13:45:01","date_gmt":"2024-05-29T16:45:01","guid":{"rendered":"https:\/\/sinicesp.org.br\/?p=5637"},"modified":"2024-05-29T13:45:03","modified_gmt":"2024-05-29T16:45:03","slug":"acordos-entre-cnj-e-tj-sp-preveem-extincao-de-dois-milhoes-de-processos","status":"publish","type":"post","link":"https:\/\/sinicesp.org.br\/index.php\/2024\/05\/29\/acordos-entre-cnj-e-tj-sp-preveem-extincao-de-dois-milhoes-de-processos\/","title":{"rendered":"Acordos entre CNJ e TJ-SP preveem extin\u00e7\u00e3o de dois milh\u00f5es de processos"},"content":{"rendered":"\n<p><\/p>\n\n\n\n<section class=\"wp-block-uagb-section uagb-section__wrap uagb-section__background-color uagb-block-d5a5581e\"><div class=\"uagb-section__overlay\"><\/div><div class=\"uagb-section__inner-wrap\">\n<div style=\"height:10px\" aria-hidden=\"true\" class=\"wp-block-spacer\"><\/div>\n\n\n\n<div class=\"wp-block-uagb-advanced-heading uagb-block-36d776d1\"><h3 class=\"uagb-heading-text\"><br><strong>Boletim Jur\u00eddico n\u00ba 05\/2024 (29\/05\/2024) <\/strong><\/h3><div class=\"uagb-separator\"><\/div><\/div>\n\n\n\n<p><\/p>\n<\/div><\/section>\n\n\n\n<section class=\"wp-block-uagb-section uagb-section__wrap uagb-section__background-color uagb-block-39dd2c69\"><div class=\"uagb-section__overlay\"><\/div><div class=\"uagb-section__inner-wrap\">\n<h2 class=\"wp-block-heading has-text-color\" id=\"stf-custas-poderao-ser-recolhidas-por-pix-ou-cartao-a-partir-de-abril\" style=\"color:#0767b1\"><strong><strong><strong><strong><strong><strong><strong>Acordos entre CNJ e TJ-SP preveem extin\u00e7\u00e3o de dois milh\u00f5es de processos<\/strong><\/strong><\/strong><\/strong><\/strong><\/strong><\/strong><\/h2>\n\n\n\n<div style=\"height:20px\" aria-hidden=\"true\" class=\"wp-block-spacer\"><\/div>\n\n\n\n<p>O presidente do Conselho Nacional de Justi\u00e7a e do Supremo Tribunal Federal, ministro Lu\u00eds Roberto Barroso, assinou nesta sexta-feira (10\/5), na sede do Tribunal de Justi\u00e7a de S\u00e3o Paulo, dois acordos de coopera\u00e7\u00e3o t\u00e9cnica para aprimorar a cobran\u00e7a da d\u00edvida ativa e o fluxo de execu\u00e7\u00f5es fiscais em S\u00e3o Paulo. <br><br>O primeiro acordo foi firmado com o TJ-SP, o Tribunal de Contas do Estado de S\u00e3o Paulo e a Procuradoria-Geral do Estado de S\u00e3o Paulo. Ele \u00e9 destinado a diminuir a judicializa\u00e7\u00e3o de d\u00edvidas tribut\u00e1rias de contribuintes com os munic\u00edpios do interior do estado. J\u00e1 o segundo acordo, firmado entre CNJ, TJ-SP e a Procuradoria-Geral do Munic\u00edpio de S\u00e3o Paulo, \u00e9 espec\u00edfico para a capital paulista. <br><br>Os acordos foram firmados em solenidade que contou com a presen\u00e7a do presidente do TJ-SP, desembargador Fernando Antonio Torres Garcia; do presidente do TCE-SP, Renato Martins Costa; da procuradora-geral do Estado de S\u00e3o Paulo, In\u00eas Maria dos Santos Coimbra; do prefeito de S\u00e3o Paulo, Ricardo Nunes (MDB); da procuradora-geral do Munic\u00edpio de S\u00e3o Paulo, Marina Magro Beringhs Martinez; e de representantes das prefeituras paulistas que aderiram ao acordo.<br><br>Segundo Torres Garcia, a estimativa \u00e9 que os dois tratos viabilizem a extin\u00e7\u00e3o de dois milh\u00f5es de processos em todo o estado nos pr\u00f3ximos 12 meses.<br><br>O magistrado destacou que, dos 21 milh\u00f5es de processos em andamento no TJ-SP, 12,7 milh\u00f5es s\u00e3o execu\u00e7\u00f5es fiscais \u2014 e oito milh\u00f5es delas s\u00e3o processos de baixo valor, sem qualquer movimenta\u00e7\u00e3o durante anos e nenhuma possibilidade de recupera\u00e7\u00e3o do cr\u00e9dito.<br><br>\u201cEsse elevado n\u00famero de processos de execu\u00e7\u00e3o fiscal sem factibilidade alguma causa uma caixa de congestionamento de 92% na Justi\u00e7a de S\u00e3o Paulo. Isso significa que de cem processos que entram, apenas oito s\u00e3o encerrados no mesmo ano. Esses dados estarrecedores s\u00e3o causados pela inadequa\u00e7\u00e3o do tratamento do d\u00e9bito fiscal que ser\u00e1 agora enfrentado\u201d, afirmou o presidente da corte paulista.<br><br><strong>Economia processual<\/strong><br><br>O ministro Barroso afirmou que o grau de judicializa\u00e7\u00e3o no Brasil escapa do padr\u00e3o global e pode ser classificado como uma verdadeira epidemia. Segundo ele, um estudo do CNJ identificou que as principais causadoras dos gargalos do Judici\u00e1rio s\u00e3o as causas envolvendo o INSS e execu\u00e7\u00f5es fiscais, sendo as execu\u00e7\u00f5es o maior problema das Justi\u00e7as estaduais.<br><br>Conforme dados do CNJ, mais da metade (52,3%) das execu\u00e7\u00f5es fiscais para cobran\u00e7a de impostos como IPTU, IPVA, ICMS e ISS e multas s\u00e3o de valor inferior a R$ 10 mil \u2014 o custo do processo de execu\u00e7\u00e3o \u00e9, em m\u00e9dia, de R$ 9.277, segundo a Nota T\u00e9cnica 6\/2023, do N\u00facleo de Processos Estruturais e Complexos do STF.<br><br>Segundo os acordos assinados nesta sexta, as execu\u00e7\u00f5es fiscais de valor inferir a R$ 10 mil que estiverem paralisadas h\u00e1 mais cinco anos, sem cita\u00e7\u00e3o e sem penhora de bem do devedor, ser\u00e3o extintas. \u201cNenhuma dessas execu\u00e7\u00f5es iria arrecadar um centavo, ent\u00e3o n\u00e3o h\u00e1 nenhum tipo de preju\u00edzo\u201d, disse o presidente do STF e do CNJ.<br><br><strong>Protesto eficiente<\/strong><br><br>Os acordos tamb\u00e9m preveem a obrigatoriedade da tentativa de cobran\u00e7a por meio da via administrativa com o uso do protesto antes de serem ajuizadas novas execu\u00e7\u00f5es fiscais.<br><br>De acordo com Barroso, o CNJ identificou que a execu\u00e7\u00e3o fiscal consegue recuperar apenas 2% dos valores cobrados. O protesto, por sua vez, tem recupera\u00e7\u00e3o superior a 20%. \u201c\u00c9 dez vezes mais eficiente\u201d, destacou o ministro.<br><br>Torres Garcia citou como exemplo de efici\u00eancia no protesto a cidade de Guarulhos (SP). \u201cO munic\u00edpio de Guarulhos, quando optou pelo protesto, em 2023, j\u00e1 quintuplicou a sua receita. Portanto, a preocupa\u00e7\u00e3o n\u00e3o \u00e9 s\u00f3 desafogar o Poder Judici\u00e1rio, mas tamb\u00e9m colaborar para melhorar a arrecada\u00e7\u00e3o das prefeituras de maneira inteligente.\u201d<br><br><strong>Rio Grande do Sul<\/strong><br><br>Ap\u00f3s a assinatura dos documentos, Barroso prestou solidariedade ao povo do Rio Grande do Sul, que vive o maior desastre clim\u00e1tico de sua hist\u00f3ria. Ele afirmou que, ap\u00f3s a recomenda\u00e7\u00e3o do CNJ para que tribunais transfiram valores depositados como pagamento de presta\u00e7\u00f5es pecuni\u00e1rias \u00e0 conta da Defesa Civil do Rio Grande do Sul, j\u00e1 foram repassados R$ 96 milh\u00f5es. <br><br>\u201cCreio que neste momento n\u00e3o existe nada de maior relev\u00e2ncia social do que ajudar a popula\u00e7\u00e3o do Rio Grande do Sul\u201d, afirmou Barroso. <br><br><strong>Fonte: Conjur<\/strong><\/p>\n\n\n\n<div style=\"height:70px\" aria-hidden=\"true\" class=\"wp-block-spacer\"><\/div>\n\n\n\n<div id=\"section-g098f20\" class=\"wp-block-gutentor-e6 section-g098f20 gutentor-element gutentor-element-image text-align-center-desktop\"><div class=\"gutentor-element-image-box\"><a class=\"gutentor-element-image-link\" href=\"window.print()\"><div class=\"gutentor-image-thumb\"><img decoding=\"async\" class=\"normal-image\" src=\"https:\/\/sinicesp.org.br\/wp-content\/uploads\/2022\/01\/impressora.png\" \/><\/div><\/a><\/div><\/div>\n<\/div><\/section>\n","protected":false},"excerpt":{"rendered":"<p>Acordos objetivam racionalizar a cobran\u00e7a de executivos fiscais.<\/p>\n","protected":false},"author":1,"featured_media":5638,"comment_status":"closed","ping_status":"closed","sticky":false,"template":"","format":"standard","meta":{"om_disable_all_campaigns":false,"_uag_custom_page_level_css":"","_monsterinsights_skip_tracking":false,"_monsterinsights_sitenote_active":false,"_monsterinsights_sitenote_note":"","_monsterinsights_sitenote_category":0,"site-sidebar-layout":"default","site-content-layout":"default","ast-site-content-layout":"default","site-content-style":"default","site-sidebar-style":"default","ast-global-header-display":"","ast-banner-title-visibility":"","ast-main-header-display":"","ast-hfb-above-header-display":"","ast-hfb-below-header-display":"","ast-hfb-mobile-header-display":"","site-post-title":"disabled","ast-breadcrumbs-content":"disabled","ast-featured-img":"","footer-sml-layout":"","ast-disable-related-posts":"","theme-transparent-header-meta":"default","adv-header-id-meta":"","stick-header-meta":"","header-above-stick-meta":"","header-main-stick-meta":"","header-below-stick-meta":"","astra-migrate-meta-layouts":"set","ast-page-background-enabled":"default","ast-page-background-meta":{"desktop":{"background-color":"","background-image":"","background-repeat":"repeat","background-position":"center center","background-size":"auto","background-attachment":"scroll","background-type":"","background-media":"","overlay-type":"","overlay-color":"","overlay-opacity":"","overlay-gradient":""},"tablet":{"background-color":"","background-image":"","background-repeat":"repeat","background-position":"center center","background-size":"auto","background-attachment":"scroll","background-type":"","background-media":"","overlay-type":"","overlay-color":"","overlay-opacity":"","overlay-gradient":""},"mobile":{"background-color":"","background-image":"","background-repeat":"repeat","background-position":"center center","background-size":"auto","background-attachment":"scroll","background-type":"","background-media":"","overlay-type":"","overlay-color":"","overlay-opacity":"","overlay-gradient":""}},"ast-content-background-meta":{"desktop":{"background-color":"var(--ast-global-color-5)","background-image":"","background-repeat":"repeat","background-position":"center center","background-size":"auto","background-attachment":"scroll","background-type":"","background-media":"","overlay-type":"","overlay-color":"","overlay-opacity":"","overlay-gradient":""},"tablet":{"background-color":"var(--ast-global-color-5)","background-image":"","background-repeat":"repeat","background-position":"center center","background-size":"auto","background-attachment":"scroll","background-type":"","background-media":"","overlay-type":"","overlay-color":"","overlay-opacity":"","overlay-gradient":""},"mobile":{"background-color":"var(--ast-global-color-5)","background-image":"","background-repeat":"repeat","background-position":"center center","background-size":"auto","background-attachment":"scroll","background-type":"","background-media":"","overlay-type":"","overlay-color":"","overlay-opacity":"","overlay-gradient":""}},"footnotes":""},"categories":[4],"tags":[413],"class_list":["post-5637","post","type-post","status-publish","format-standard","has-post-thumbnail","hentry","category-boletim-juridico","tag-boletim-juridico-no-05-2024-29-05-2024"],"aioseo_notices":[],"gutentor_comment":0,"uagb_featured_image_src":{"full":["https:\/\/sinicesp.org.br\/wp-content\/uploads\/2024\/05\/boletim-juridico-2024-05b-pequena.jpg",250,167,false],"thumbnail":["https:\/\/sinicesp.org.br\/wp-content\/uploads\/2024\/05\/boletim-juridico-2024-05b-pequena-150x150.jpg",150,150,true],"medium":["https:\/\/sinicesp.org.br\/wp-content\/uploads\/2024\/05\/boletim-juridico-2024-05b-pequena.jpg",250,167,false],"medium_large":["https:\/\/sinicesp.org.br\/wp-content\/uploads\/2024\/05\/boletim-juridico-2024-05b-pequena.jpg",250,167,false],"large":["https:\/\/sinicesp.org.br\/wp-content\/uploads\/2024\/05\/boletim-juridico-2024-05b-pequena.jpg",250,167,false],"1536x1536":["https:\/\/sinicesp.org.br\/wp-content\/uploads\/2024\/05\/boletim-juridico-2024-05b-pequena.jpg",250,167,false],"2048x2048":["https:\/\/sinicesp.org.br\/wp-content\/uploads\/2024\/05\/boletim-juridico-2024-05b-pequena.jpg",250,167,false]},"uagb_author_info":{"display_name":"Rodrigo","author_link":"https:\/\/sinicesp.org.br\/index.php\/author\/sinicesp\/"},"uagb_comment_info":0,"uagb_excerpt":"Acordos objetivam racionalizar a cobran\u00e7a de executivos fiscais.","_links":{"self":[{"href":"https:\/\/sinicesp.org.br\/index.php\/wp-json\/wp\/v2\/posts\/5637","targetHints":{"allow":["GET"]}}],"collection":[{"href":"https:\/\/sinicesp.org.br\/index.php\/wp-json\/wp\/v2\/posts"}],"about":[{"href":"https:\/\/sinicesp.org.br\/index.php\/wp-json\/wp\/v2\/types\/post"}],"author":[{"embeddable":true,"href":"https:\/\/sinicesp.org.br\/index.php\/wp-json\/wp\/v2\/users\/1"}],"replies":[{"embeddable":true,"href":"https:\/\/sinicesp.org.br\/index.php\/wp-json\/wp\/v2\/comments?post=5637"}],"version-history":[{"count":0,"href":"https:\/\/sinicesp.org.br\/index.php\/wp-json\/wp\/v2\/posts\/5637\/revisions"}],"wp:featuredmedia":[{"embeddable":true,"href":"https:\/\/sinicesp.org.br\/index.php\/wp-json\/wp\/v2\/media\/5638"}],"wp:attachment":[{"href":"https:\/\/sinicesp.org.br\/index.php\/wp-json\/wp\/v2\/media?parent=5637"}],"wp:term":[{"taxonomy":"category","embeddable":true,"href":"https:\/\/sinicesp.org.br\/index.php\/wp-json\/wp\/v2\/categories?post=5637"},{"taxonomy":"post_tag","embeddable":true,"href":"https:\/\/sinicesp.org.br\/index.php\/wp-json\/wp\/v2\/tags?post=5637"}],"curies":[{"name":"wp","href":"https:\/\/api.w.org\/{rel}","templated":true}]}}