{"id":5671,"date":"2024-06-05T10:44:14","date_gmt":"2024-06-05T13:44:14","guid":{"rendered":"https:\/\/sinicesp.org.br\/?p=5671"},"modified":"2025-02-21T13:57:04","modified_gmt":"2025-02-21T16:57:04","slug":"dia-mundial-do-meio-ambiente","status":"publish","type":"post","link":"https:\/\/sinicesp.org.br\/index.php\/2024\/06\/05\/dia-mundial-do-meio-ambiente\/","title":{"rendered":"Dia Mundial do Meio Ambiente"},"content":{"rendered":"\n<section class=\"wp-block-uagb-section uagb-section__wrap uagb-section__background-undefined alignfull uagb-block-2f08c80a\"><div class=\"uagb-section__overlay\"><\/div><div class=\"uagb-section__inner-wrap\"><\/div><\/section>\n\n\n\n<section class=\"wp-block-uagb-section uagb-section__wrap uagb-section__background-color uagb-block-fb12de67\"><div class=\"uagb-section__overlay\"><\/div><div class=\"uagb-section__inner-wrap\">\n<div style=\"height:10px\" aria-hidden=\"true\" class=\"wp-block-spacer\"><\/div>\n\n\n\n<div class=\"wp-block-uagb-advanced-heading uagb-block-65b745e7\"><h3 class=\"uagb-heading-text\"><br><strong>05\/06\/2024 <\/strong><\/h3><div class=\"uagb-separator\"><\/div><\/div>\n\n\n\n<p><\/p>\n<\/div><\/section>\n\n\n\n<section class=\"wp-block-uagb-section uagb-section__wrap uagb-section__background-color uagb-block-45caa5c2\"><div class=\"uagb-section__overlay\"><\/div><div class=\"uagb-section__inner-wrap\">\n<h2 class=\"wp-block-heading has-text-align-left has-text-color\" id=\"organizacoes-se-aliam-para-divulgar-normas-padronizadas-em-esg-e-sustentabilidade\" style=\"color:#0767b1\"><strong><strong><strong><strong><strong>Dia Mundial do Meio Ambiente<\/strong><\/strong><\/strong><\/strong><\/strong><\/h2>\n\n\n\n<div style=\"height:20px\" aria-hidden=\"true\" class=\"wp-block-spacer\"><\/div>\n\n\n\n<p>O Dia Mundial do Meio Ambiente \u00e9 comemorado anualmente no dia 5 de junho. A data, estabelecida pelo Programa das Na\u00e7\u00f5es Unidas para o Meio Ambiente visa incentivar a conscientiza\u00e7\u00e3o e a\u00e7\u00e3o mundial em prol do meio ambiente.<br><br>A Ar\u00e1bia Saudita ser\u00e1 a sede dos encontros do Dia Mundial do Ambiente em 2024.Os temas deste ano ter\u00e3o como foco principal a restaura\u00e7\u00e3o de terras, desertifica\u00e7\u00e3o e resili\u00eancia \u00e0 seca. Dados da ONU mostram que 40% das terras do planeta est\u00e3o degradadas, afetando diretamente metade da popula\u00e7\u00e3o mundial e amea\u00e7ando cerca de metade do PIB global (US$ 44 trilh\u00f5es).<br><br>A entidade tamb\u00e9m destaca que o n\u00famero e a dura\u00e7\u00e3o das secas aumentaram em 29% desde 2000. Sem uma a\u00e7\u00e3o urgente, as secas podem afetar mais de tr\u00eas quartos da popula\u00e7\u00e3o mundial at\u00e9 2050 ressalta a ONU em comunicado.<br><br>Para marcar a data ser\u00e3o realizados eventos e atividades presenciais e online em mais de 150 pa\u00edses. As iniciativas que discutem a quest\u00e3o ambiental s\u00e3o promovidas, por exemplo, por institui\u00e7\u00f5es ligadas ao governo, escolas e empresas.<br><br>A escolha remete ao dia 5 de junho de 1972, quando aconteceu o primeiro dia da Confer\u00eancia de Estocolmo sobre o Meio Ambiente Humano. Outra resolu\u00e7\u00e3o, adotada pela Assembleia Geral, levou \u00e0 cria\u00e7\u00e3o do PNUMA no mesmo dia.<br><br>O Dia Mundial do Meio Ambiente foi comemorado pela primeira vez em 1973 com o slogan \u201cOnly One Earth\u201d (Uma S\u00f3 Terra, em portugu\u00eas\u201d). Desde ent\u00e3o, a cada ano uma tem\u00e1tica diferente \u00e9 abordada.<br><br>O Dia Mundial do Meio Ambiente de 2025 ser\u00e1 sediado na Coreia do Sul. O evento do pr\u00f3ximo ano ter\u00e1 como foco a polui\u00e7\u00e3o por pl\u00e1sticos a n\u00edvel global.<br><br>A ONU estima que o mundo produz mais de 430 milh\u00f5es de toneladas de pl\u00e1stico anualmente. Segundo a entidade, dois ter\u00e7os desses materiais s\u00e3o produtos de vida curta, que logo se tornam res\u00edduos, e v\u00e3o para o oceano. Muitas das vezes, tamb\u00e9m entram na cadeia alimentar humana analisa a Organiza\u00e7\u00e3o das Na\u00e7\u00f5es Unidas.<br><br><strong>Fonte: Valor Econ\u00f4mico &#8211; S\u00e3o Paulo<\/strong><\/p>\n\n\n\n<div style=\"height:40px\" aria-hidden=\"true\" class=\"wp-block-spacer\"><\/div>\n\n\n\n<div id=\"section-g0f4d5f\" class=\"wp-block-gutentor-e6 section-g0f4d5f gutentor-element gutentor-element-image text-align-center-desktop\"><div class=\"gutentor-element-image-box\"><a class=\"gutentor-element-image-link\" href=\"window.print()\"><div class=\"gutentor-image-thumb\"><img decoding=\"async\" class=\"normal-image\" src=\"https:\/\/sinicesp.org.br\/wp-content\/uploads\/2022\/01\/impressora.png\" \/><\/div><\/a><\/div><\/div>\n<\/div><\/section>\n","protected":false},"excerpt":{"rendered":"<p>O Dia Mundial do Meio Ambiente \u00e9 comemorado anualmente no dia 5 de junho. <\/p>\n","protected":false},"author":1,"featured_media":5672,"comment_status":"closed","ping_status":"closed","sticky":false,"template":"","format":"standard","meta":{"om_disable_all_campaigns":false,"_uag_custom_page_level_css":"","_monsterinsights_skip_tracking":false,"_monsterinsights_sitenote_active":false,"_monsterinsights_sitenote_note":"","_monsterinsights_sitenote_category":0,"site-sidebar-layout":"default","site-content-layout":"plain-container","ast-site-content-layout":"normal-width-container","site-content-style":"unboxed","site-sidebar-style":"unboxed","ast-global-header-display":"","ast-banner-title-visibility":"","ast-main-header-display":"","ast-hfb-above-header-display":"","ast-hfb-below-header-display":"","ast-hfb-mobile-header-display":"","site-post-title":"disabled","ast-breadcrumbs-content":"","ast-featured-img":"disabled","footer-sml-layout":"","ast-disable-related-posts":"","theme-transparent-header-meta":"default","adv-header-id-meta":"","stick-header-meta":"","header-above-stick-meta":"","header-main-stick-meta":"","header-below-stick-meta":"","astra-migrate-meta-layouts":"set","ast-page-background-enabled":"default","ast-page-background-meta":{"desktop":{"background-color":"","background-image":"","background-repeat":"repeat","background-position":"center center","background-size":"auto","background-attachment":"scroll","background-type":"","background-media":"","overlay-type":"","overlay-color":"","overlay-opacity":"","overlay-gradient":""},"tablet":{"background-color":"","background-image":"","background-repeat":"repeat","background-position":"center center","background-size":"auto","background-attachment":"scroll","background-type":"","background-media":"","overlay-type":"","overlay-color":"","overlay-opacity":"","overlay-gradient":""},"mobile":{"background-color":"","background-image":"","background-repeat":"repeat","background-position":"center center","background-size":"auto","background-attachment":"scroll","background-type":"","background-media":"","overlay-type":"","overlay-color":"","overlay-opacity":"","overlay-gradient":""}},"ast-content-background-meta":{"desktop":{"background-color":"var(--ast-global-color-5)","background-image":"","background-repeat":"repeat","background-position":"center center","background-size":"auto","background-attachment":"scroll","background-type":"","background-media":"","overlay-type":"","overlay-color":"","overlay-opacity":"","overlay-gradient":""},"tablet":{"background-color":"var(--ast-global-color-5)","background-image":"","background-repeat":"repeat","background-position":"center center","background-size":"auto","background-attachment":"scroll","background-type":"","background-media":"","overlay-type":"","overlay-color":"","overlay-opacity":"","overlay-gradient":""},"mobile":{"background-color":"var(--ast-global-color-5)","background-image":"","background-repeat":"repeat","background-position":"center center","background-size":"auto","background-attachment":"scroll","background-type":"","background-media":"","overlay-type":"","overlay-color":"","overlay-opacity":"","overlay-gradient":""}},"footnotes":""},"categories":[132],"tags":[15],"class_list":["post-5671","post","type-post","status-publish","format-standard","has-post-thumbnail","hentry","category-responsabilidade-social","tag-noticia"],"aioseo_notices":[],"gutentor_comment":0,"uagb_featured_image_src":{"full":["https:\/\/sinicesp.org.br\/wp-content\/uploads\/2024\/06\/2024-05-dia-meio-ambiente.jpg",250,167,false],"thumbnail":["https:\/\/sinicesp.org.br\/wp-content\/uploads\/2024\/06\/2024-05-dia-meio-ambiente-150x150.jpg",150,150,true],"medium":["https:\/\/sinicesp.org.br\/wp-content\/uploads\/2024\/06\/2024-05-dia-meio-ambiente.jpg",250,167,false],"medium_large":["https:\/\/sinicesp.org.br\/wp-content\/uploads\/2024\/06\/2024-05-dia-meio-ambiente.jpg",250,167,false],"large":["https:\/\/sinicesp.org.br\/wp-content\/uploads\/2024\/06\/2024-05-dia-meio-ambiente.jpg",250,167,false],"1536x1536":["https:\/\/sinicesp.org.br\/wp-content\/uploads\/2024\/06\/2024-05-dia-meio-ambiente.jpg",250,167,false],"2048x2048":["https:\/\/sinicesp.org.br\/wp-content\/uploads\/2024\/06\/2024-05-dia-meio-ambiente.jpg",250,167,false]},"uagb_author_info":{"display_name":"Rodrigo","author_link":"https:\/\/sinicesp.org.br\/index.php\/author\/sinicesp\/"},"uagb_comment_info":0,"uagb_excerpt":"O Dia Mundial do Meio Ambiente \u00e9 comemorado anualmente no dia 5 de junho.","_links":{"self":[{"href":"https:\/\/sinicesp.org.br\/index.php\/wp-json\/wp\/v2\/posts\/5671","targetHints":{"allow":["GET"]}}],"collection":[{"href":"https:\/\/sinicesp.org.br\/index.php\/wp-json\/wp\/v2\/posts"}],"about":[{"href":"https:\/\/sinicesp.org.br\/index.php\/wp-json\/wp\/v2\/types\/post"}],"author":[{"embeddable":true,"href":"https:\/\/sinicesp.org.br\/index.php\/wp-json\/wp\/v2\/users\/1"}],"replies":[{"embeddable":true,"href":"https:\/\/sinicesp.org.br\/index.php\/wp-json\/wp\/v2\/comments?post=5671"}],"version-history":[{"count":0,"href":"https:\/\/sinicesp.org.br\/index.php\/wp-json\/wp\/v2\/posts\/5671\/revisions"}],"wp:featuredmedia":[{"embeddable":true,"href":"https:\/\/sinicesp.org.br\/index.php\/wp-json\/wp\/v2\/media\/5672"}],"wp:attachment":[{"href":"https:\/\/sinicesp.org.br\/index.php\/wp-json\/wp\/v2\/media?parent=5671"}],"wp:term":[{"taxonomy":"category","embeddable":true,"href":"https:\/\/sinicesp.org.br\/index.php\/wp-json\/wp\/v2\/categories?post=5671"},{"taxonomy":"post_tag","embeddable":true,"href":"https:\/\/sinicesp.org.br\/index.php\/wp-json\/wp\/v2\/tags?post=5671"}],"curies":[{"name":"wp","href":"https:\/\/api.w.org\/{rel}","templated":true}]}}