{"id":5773,"date":"2024-07-12T13:48:17","date_gmt":"2024-07-12T16:48:17","guid":{"rendered":"https:\/\/sinicesp.org.br\/?p=5773"},"modified":"2024-07-12T13:48:19","modified_gmt":"2024-07-12T16:48:19","slug":"direitos-humanos-e-ibge-mobilizam-esforcos-para-producao-de-novos-dados-estatisticos-sobre-pessoas-com-deficiencia","status":"publish","type":"post","link":"https:\/\/sinicesp.org.br\/index.php\/2024\/07\/12\/direitos-humanos-e-ibge-mobilizam-esforcos-para-producao-de-novos-dados-estatisticos-sobre-pessoas-com-deficiencia\/","title":{"rendered":"Direitos Humanos e IBGE mobilizam esfor\u00e7os para produ\u00e7\u00e3o de novos dados estat\u00edsticos sobre pessoas com defici\u00eancia"},"content":{"rendered":"\n<section class=\"wp-block-uagb-section uagb-section__wrap uagb-section__background-color uagb-block-0fb1b19a\"><div class=\"uagb-section__overlay\"><\/div><div class=\"uagb-section__inner-wrap\">\n<div style=\"height:10px\" aria-hidden=\"true\" class=\"wp-block-spacer\"><\/div>\n\n\n\n<div class=\"wp-block-uagb-advanced-heading uagb-block-feb22a87\"><h3 class=\"uagb-heading-text\"><br><strong>Inclus\u00e3o profissional n\u00ba 09 (12\/07\/2024) <\/strong><\/h3><div class=\"uagb-separator\"><\/div><\/div>\n\n\n\n<p><\/p>\n<\/div><\/section>\n\n\n\n<section class=\"wp-block-uagb-section uagb-section__wrap uagb-section__background-color uagb-block-08ad0879\"><div class=\"uagb-section__overlay\"><\/div><div class=\"uagb-section__inner-wrap\">\n<h2 class=\"wp-block-heading has-text-color\" style=\"color:#0767b1\"><strong><strong>Direitos Humanos e IBGE mobilizam esfor\u00e7os para produ\u00e7\u00e3o de novos dados estat\u00edsticos sobre pessoas com defici\u00eancia<\/strong><\/strong><\/h2>\n\n\n\n<div style=\"height:30px\" aria-hidden=\"true\" class=\"wp-block-spacer\"><\/div>\n\n\n\n<p>A cria\u00e7\u00e3o de uma s\u00e9rie de novos indicadores sobre pessoas com defici\u00eancia avan\u00e7a no governo federal. Por meio de articula\u00e7\u00e3o entre o Minist\u00e9rio dos Direitos Humanos e da Cidadania (MDHC) e o Instituto Brasileiro de Geografia e Estat\u00edstica (IBGE), as pastas estudam produ\u00e7\u00e3o de novos dados estat\u00edsticos sobre as condi\u00e7\u00f5es de vida das pessoas com defici\u00eancia.<br><br>Em 2023, a Pesquisa Nacional por Amostra de Domic\u00edlios divulgou, pela primeira vez, dados sobre esse p\u00fablico. Com expectativa de investimento conjunto entre os \u00f3rg\u00e3os a fim de subsidiar a execu\u00e7\u00e3o desses dados, t\u00e9cnicos do IBGE est\u00e3o avaliando os crit\u00e9rios t\u00e9cnicos da pesquisa.<br><br>Em junho, a periodicidade de indicadores sobre esse p\u00fablico foi tema de reuni\u00e3o entre representantes da Secretaria Nacional dos Direitos da Pessoa com Defici\u00eancia (SNDPD) e o presidente do Instituto Brasileiro de Geografia e Estat\u00edstica (IBGE), Marcio Pochmann.<br><br>No encontro, o diretor de Rela\u00e7\u00f5es Institucionais da SNDPD\/MDHC, Ant\u00f4nio Jos\u00e9 Ferreira, afirmou que o objetivo da parceria \u00e9 fortalecer as pol\u00edticas p\u00fablicas voltadas para esse p\u00fablico. \u201cO pa\u00eds precisa se aprofundar cada vez mais sobre a promo\u00e7\u00e3o dos direitos das pessoas com defici\u00eancia. No cen\u00e1rio atual, por exemplo, precisamos identificar as barreiras que mais impedem a nossa autonomia, as principais causalidades e os custos da defici\u00eancia\u201d, disse.<br><br>O presidente do IBGE, Marcio Pochmann, detalhou que a inten\u00e7\u00e3o \u00e9 repetir a inclus\u00e3o de um m\u00f3dulo espec\u00edfico sobre a defici\u00eancia na pr\u00f3xima Pesquisa Nacional por Amostra de Domic\u00edlios (Pnad Cont\u00ednua). \u201cVamos fazer um esfor\u00e7o concentrado para ir a campo, treinar as equipes e apresentar um novo panorama e an\u00e1lise sobre as condi\u00e7\u00f5es de vida das pessoas com defici\u00eancia, a exemplo do que ocorreu com a parceria de 2023\u201d, afirmou.<br><br>A parceria citada por Marcio Pochmann durante a reuni\u00e3o, que aconteceu na sede da SNDPD, em Bras\u00edlia, diz respeito \u00e0 PNAD Cont\u00ednua, que por meio de parceria entre a MDHC e o IBGE foi amplamente divulgada e apresentou a situa\u00e7\u00e3o das mais de 18,6 milh\u00f5es pessoas com defici\u00eancia do Brasil.<br><br><strong>Dados<\/strong><br><br>Os dados da PNAD Cont\u00ednua mostraram que as pessoas com defici\u00eancia est\u00e3o menos inseridas no mercado de trabalho, nas escolas \u2013 e, por consequ\u00eancia, tem acesso a renda mais dificultado. Segundo o levantamento, a taxa de analfabetismo para pessoas com defici\u00eancia foi de 19,5%, enquanto para as pessoas sem defici\u00eancia foi de 4,1%.<br><br>A maior parte das pessoas de 25 anos ou mais com defici\u00eancia n\u00e3o completaram a educa\u00e7\u00e3o b\u00e1sica: 63,3% eram sem instru\u00e7\u00e3o ou com o fundamental incompleto e 11,1% tinham o ensino fundamental completo ou m\u00e9dio incompleto. Para as pessoas sem defici\u00eancia, esses percentuais foram, respectivamente, de 29,9% e 12,8%. Enquanto apenas 25,6% das pessoas com defici\u00eancia tinham conclu\u00eddo pelo menos o Ensino M\u00e9dio, mais da metade das pessoas sem defici\u00eancia (57,3%) tinham esse n\u00edvel de instru\u00e7\u00e3o. J\u00e1 a propor\u00e7\u00e3o de pessoas com n\u00edvel superior foi de 7,0% para as pessoas com defici\u00eancia e 20,9% para os sem defici\u00eancia.<br><br>A pesquisa analisou ainda o perfil das pessoas com defici\u00eancia a partir dos principais indicadores de mercado de trabalho. Segundo o IBGE, 26,6% das pessoas com defici\u00eancia encontram espa\u00e7o no mercado de trabalho. O n\u00edvel de ocupa\u00e7\u00e3o para o resto da popula\u00e7\u00e3o \u00e9 de 60,7%. Cerca de 55% das pessoas com defici\u00eancia que trabalham est\u00e3o em situa\u00e7\u00e3o de informalidade. O rendimento m\u00e9dio real tamb\u00e9m diferente entre pessoas com defici\u00eancia e sem: para o primeiro grupo, a renda foi de R$ 1.860, enquanto o segundo chegou a R$ 2.690, uma diferen\u00e7a de 30%.<br><br>Texto: T.A. \/ Edi\u00e7\u00e3o: R.D.\u00a0<br><br><strong>Para d\u00favidas e mais informa\u00e7\u00f5es:<\/strong><br><br><a href=\"mailto:essoacomdeficiencia@mdh.gov.br\">pessoacomdeficiencia@mdh.gov.br<\/a><br><br><strong>Atendimento exclusivo \u00e0 imprensa:<\/strong><br><br><a href=\"mailto:imprensa@mdh.gov.br\">imprensa@mdh.gov.br<\/a><br>Assessoria de Comunica\u00e7\u00e3o Social do MDHC<br>(61) 2027-3538<br>(61) 9558-9277 \u2013 WhatsApp exclusivo para relacionamento com a imprensa <br><br><strong>Fonte:<\/strong> C\u00e2mara Paulista Para a Inclus\u00e3o da Pessoa com Defici\u00eancia\u00a0\u00a0<\/p>\n\n\n\n<div style=\"height:70px\" aria-hidden=\"true\" class=\"wp-block-spacer\"><\/div>\n\n\n\n<div id=\"section-g0ee426\" class=\"wp-block-gutentor-e6 section-g0ee426 gutentor-element gutentor-element-image text-align-center-desktop\"><div class=\"gutentor-element-image-box\"><a class=\"gutentor-element-image-link\" href=\"window.print()\"><div class=\"gutentor-image-thumb\"><img decoding=\"async\" class=\"normal-image\" src=\"https:\/\/sinicesp.org.br\/wp-content\/uploads\/2022\/01\/impressora.png\" \/><\/div><\/a><\/div><\/div>\n<\/div><\/section>\n","protected":false},"excerpt":{"rendered":"<p>Expectativa \u00e9 de investimento conjunto entre os \u00f3rg\u00e3os; t\u00e9cnicos do Instituto j\u00e1 est\u00e3o avaliando os crit\u00e9rios da pesquisa<\/p>\n","protected":false},"author":1,"featured_media":5774,"comment_status":"closed","ping_status":"closed","sticky":false,"template":"","format":"standard","meta":{"om_disable_all_campaigns":false,"_uag_custom_page_level_css":"","_monsterinsights_skip_tracking":false,"_monsterinsights_sitenote_active":false,"_monsterinsights_sitenote_note":"","_monsterinsights_sitenote_category":0,"site-sidebar-layout":"default","site-content-layout":"default","ast-site-content-layout":"default","site-content-style":"default","site-sidebar-style":"default","ast-global-header-display":"","ast-banner-title-visibility":"","ast-main-header-display":"","ast-hfb-above-header-display":"","ast-hfb-below-header-display":"","ast-hfb-mobile-header-display":"","site-post-title":"disabled","ast-breadcrumbs-content":"disabled","ast-featured-img":"disabled","footer-sml-layout":"","ast-disable-related-posts":"","theme-transparent-header-meta":"default","adv-header-id-meta":"","stick-header-meta":"","header-above-stick-meta":"","header-main-stick-meta":"","header-below-stick-meta":"","astra-migrate-meta-layouts":"set","ast-page-background-enabled":"default","ast-page-background-meta":{"desktop":{"background-color":"","background-image":"","background-repeat":"repeat","background-position":"center center","background-size":"auto","background-attachment":"scroll","background-type":"","background-media":"","overlay-type":"","overlay-color":"","overlay-opacity":"","overlay-gradient":""},"tablet":{"background-color":"","background-image":"","background-repeat":"repeat","background-position":"center center","background-size":"auto","background-attachment":"scroll","background-type":"","background-media":"","overlay-type":"","overlay-color":"","overlay-opacity":"","overlay-gradient":""},"mobile":{"background-color":"","background-image":"","background-repeat":"repeat","background-position":"center center","background-size":"auto","background-attachment":"scroll","background-type":"","background-media":"","overlay-type":"","overlay-color":"","overlay-opacity":"","overlay-gradient":""}},"ast-content-background-meta":{"desktop":{"background-color":"var(--ast-global-color-5)","background-image":"","background-repeat":"repeat","background-position":"center center","background-size":"auto","background-attachment":"scroll","background-type":"","background-media":"","overlay-type":"","overlay-color":"","overlay-opacity":"","overlay-gradient":""},"tablet":{"background-color":"var(--ast-global-color-5)","background-image":"","background-repeat":"repeat","background-position":"center center","background-size":"auto","background-attachment":"scroll","background-type":"","background-media":"","overlay-type":"","overlay-color":"","overlay-opacity":"","overlay-gradient":""},"mobile":{"background-color":"var(--ast-global-color-5)","background-image":"","background-repeat":"repeat","background-position":"center center","background-size":"auto","background-attachment":"scroll","background-type":"","background-media":"","overlay-type":"","overlay-color":"","overlay-opacity":"","overlay-gradient":""}},"footnotes":""},"categories":[12],"tags":[15],"class_list":["post-5773","post","type-post","status-publish","format-standard","has-post-thumbnail","hentry","category-inclusao-profissional","tag-noticia"],"aioseo_notices":[],"gutentor_comment":0,"uagb_featured_image_src":{"full":["https:\/\/sinicesp.org.br\/wp-content\/uploads\/2024\/07\/inclusao-2024-09-destaque.jpg",250,167,false],"thumbnail":["https:\/\/sinicesp.org.br\/wp-content\/uploads\/2024\/07\/inclusao-2024-09-destaque-150x150.jpg",150,150,true],"medium":["https:\/\/sinicesp.org.br\/wp-content\/uploads\/2024\/07\/inclusao-2024-09-destaque.jpg",250,167,false],"medium_large":["https:\/\/sinicesp.org.br\/wp-content\/uploads\/2024\/07\/inclusao-2024-09-destaque.jpg",250,167,false],"large":["https:\/\/sinicesp.org.br\/wp-content\/uploads\/2024\/07\/inclusao-2024-09-destaque.jpg",250,167,false],"1536x1536":["https:\/\/sinicesp.org.br\/wp-content\/uploads\/2024\/07\/inclusao-2024-09-destaque.jpg",250,167,false],"2048x2048":["https:\/\/sinicesp.org.br\/wp-content\/uploads\/2024\/07\/inclusao-2024-09-destaque.jpg",250,167,false]},"uagb_author_info":{"display_name":"Rodrigo","author_link":"https:\/\/sinicesp.org.br\/index.php\/author\/sinicesp\/"},"uagb_comment_info":0,"uagb_excerpt":"Expectativa \u00e9 de investimento conjunto entre os \u00f3rg\u00e3os; t\u00e9cnicos do Instituto j\u00e1 est\u00e3o avaliando os crit\u00e9rios da pesquisa","_links":{"self":[{"href":"https:\/\/sinicesp.org.br\/index.php\/wp-json\/wp\/v2\/posts\/5773","targetHints":{"allow":["GET"]}}],"collection":[{"href":"https:\/\/sinicesp.org.br\/index.php\/wp-json\/wp\/v2\/posts"}],"about":[{"href":"https:\/\/sinicesp.org.br\/index.php\/wp-json\/wp\/v2\/types\/post"}],"author":[{"embeddable":true,"href":"https:\/\/sinicesp.org.br\/index.php\/wp-json\/wp\/v2\/users\/1"}],"replies":[{"embeddable":true,"href":"https:\/\/sinicesp.org.br\/index.php\/wp-json\/wp\/v2\/comments?post=5773"}],"version-history":[{"count":0,"href":"https:\/\/sinicesp.org.br\/index.php\/wp-json\/wp\/v2\/posts\/5773\/revisions"}],"wp:featuredmedia":[{"embeddable":true,"href":"https:\/\/sinicesp.org.br\/index.php\/wp-json\/wp\/v2\/media\/5774"}],"wp:attachment":[{"href":"https:\/\/sinicesp.org.br\/index.php\/wp-json\/wp\/v2\/media?parent=5773"}],"wp:term":[{"taxonomy":"category","embeddable":true,"href":"https:\/\/sinicesp.org.br\/index.php\/wp-json\/wp\/v2\/categories?post=5773"},{"taxonomy":"post_tag","embeddable":true,"href":"https:\/\/sinicesp.org.br\/index.php\/wp-json\/wp\/v2\/tags?post=5773"}],"curies":[{"name":"wp","href":"https:\/\/api.w.org\/{rel}","templated":true}]}}