{"id":5841,"date":"2024-07-26T13:52:45","date_gmt":"2024-07-26T16:52:45","guid":{"rendered":"https:\/\/sinicesp.org.br\/?p=5841"},"modified":"2024-07-26T15:13:06","modified_gmt":"2024-07-26T18:13:06","slug":"carta-de-sao-paulo-lei-de-cotas-33-anos","status":"publish","type":"post","link":"https:\/\/sinicesp.org.br\/index.php\/2024\/07\/26\/carta-de-sao-paulo-lei-de-cotas-33-anos\/","title":{"rendered":"Carta de S\u00e3o Paulo Lei de Cotas 33 anos"},"content":{"rendered":"\n<section class=\"wp-block-uagb-section uagb-section__wrap uagb-section__background-color uagb-block-0fb1b19a\"><div class=\"uagb-section__overlay\"><\/div><div class=\"uagb-section__inner-wrap\">\n<div style=\"height:10px\" aria-hidden=\"true\" class=\"wp-block-spacer\"><\/div>\n\n\n\n<div class=\"wp-block-uagb-advanced-heading uagb-block-feb22a87\"><h3 class=\"uagb-heading-text\"><br><strong>Inclus\u00e3o profissional n\u00ba 17 (26\/07\/2024) <\/strong><\/h3><div class=\"uagb-separator\"><\/div><\/div>\n\n\n\n<p><\/p>\n<\/div><\/section>\n\n\n\n<section class=\"wp-block-uagb-section uagb-section__wrap uagb-section__background-color uagb-block-08ad0879\"><div class=\"uagb-section__overlay\"><\/div><div class=\"uagb-section__inner-wrap\">\n<h2 class=\"wp-block-heading has-text-color\" style=\"color:#0767b1\"><strong><strong>Carta de S\u00e3o Paulo Lei de Cotas 33 anos <\/strong><\/strong><\/h2>\n\n\n\n<div style=\"height:20px\" aria-hidden=\"true\" class=\"wp-block-spacer\"><\/div>\n\n\n\n<p>Leia a \u00edntegra da Carta de S\u00e3o Paulo 2024 de Posicionamento em Defesa dos Direitos das Pessoas com Defici\u00eancia:<\/p>\n\n\n\n<div style=\"height:20px\" aria-hidden=\"true\" class=\"wp-block-spacer\"><\/div>\n\n\n\n<p style=\"padding-right:var(--wp--preset--spacing--70);padding-left:var(--wp--preset--spacing--70)\">A celebra\u00e7\u00e3o dos 33 anos da Lei 8.213\/91, popularmente conhecida como Lei de Cotas, acontece meses depois do lan\u00e7amento do importante Plano Novo Viver sem Limite, feito pelo Governo Federal em novembro de 2023, contemplando cerca de 100 a\u00e7\u00f5es direcionadas \u00e0s pessoas com defici\u00eancia com o compromisso de investir mais de R$ 6 bilh\u00f5es para a sua execu\u00e7\u00e3o. Este plano visa garantir dignidade, promover direitos e ampliar o acesso \u00e0 educa\u00e7\u00e3o, \u00e0 cultura e ao emprego para as pessoas com defici\u00eancia. A prepara\u00e7\u00e3o do Plano envolveu 26 minist\u00e9rios, al\u00e9m de outros \u00f3rg\u00e3os p\u00fablicos, sociedade civil e movimentos dedicados \u00e0 causa, refor\u00e7ando a necessidade de a\u00e7\u00f5es transversais para que a inclus\u00e3o se torne efetiva.<br><br>Outro ponto importante a destacar neste tempo de comemora\u00e7\u00e3o \u00e9 o in\u00edcio dos projetos-piloto para a implementa\u00e7\u00e3o do Sistema Nacional de Avalia\u00e7\u00e3o Unificada da Defici\u00eancia (Sisnadef), utilizando o \u00cdndice de Funcionalidade Brasileiro Modificado (IFBrM), colocando finalmente em pr\u00e1tica a avalia\u00e7\u00e3o biopsicossocial da defici\u00eancia numa perspectiva anticapacitista.<br><br>Depois de 11 anos sem a realiza\u00e7\u00e3o de concursos p\u00fablicos para o Minist\u00e9rio do Trabalho, celebramos tamb\u00e9m a abertura de 900 vagas para Auditores Fiscais com a maioria delas destinada ao estado de S\u00e3o Paulo. Dados do Sindicato Nacional dos Auditores Fiscais do Trabalho (Sinait) revelam que a estrutura respons\u00e1vel pela fiscaliza\u00e7\u00e3o da legisla\u00e7\u00e3o trabalhista conta com o menor n\u00famero de servidores em 30 anos, com 48% dos postos desocupados. O preenchimento dessas vagas, embora n\u00e3o solucione completamente o problema, representa um importante avan\u00e7o, uma vez que h\u00e1 uma clara rela\u00e7\u00e3o entre o cumprimento da cota e a for\u00e7a da fiscaliza\u00e7\u00e3o.<br><br>Na contram\u00e3o desses avan\u00e7os, a celebra\u00e7\u00e3o do anivers\u00e1rio da Lei de Cotas tamb\u00e9m acontece em um per\u00edodo em que ainda persistem tentativas de se flexibilizar a legisla\u00e7\u00e3o, que s\u00f3 enfraqueceriam o processo de inclus\u00e3o laboral das pessoas com defici\u00eancia. Chegou-se a cogitar, por parte de alguns \u00f3rg\u00e3os do governo, que, a grosso modo, parte das vagas garantidas hoje pela Lei 8.213\/91 fosse realocada para a empregabilidade da juventude, diminuindo a exig\u00eancia legal de as empresas reservarem um percentual de suas vagas para a contrata\u00e7\u00e3o de pessoas com defici\u00eancia.<br><br>A Lei de Cotas continua sendo a principal ferramenta de garantia de emprego formal para as pessoas com defici\u00eancia no Brasil. \u00c9 o cumprimento desta obriga\u00e7\u00e3o legal que tem permitido que avancemos na constru\u00e7\u00e3o de uma sociedade diversa e inclusiva sob todos os aspectos, conforme preconizam os Objetivos do Desenvolvimento Sustent\u00e1vel e a Conven\u00e7\u00e3o sobre os direitos das pessoas com defici\u00eancia, da Organiza\u00e7\u00e3o das Na\u00e7\u00f5es Unidas.<br><br>Flexibilizar essa lei \u00e9 retroceder em uma pauta que vem sendo constru\u00edda com muita luta h\u00e1 mais de tr\u00eas d\u00e9cadas. Trata-se de uma conquista hist\u00f3rica do movimento das pessoas com defici\u00eancia, que visa garantir a sua inclus\u00e3o social e profissional, reconhecendo o direito dessas pessoas ao trabalho digno e remunerado.<br><br><br>A contrata\u00e7\u00e3o de pessoas com defici\u00eancia \u00e9 uma determina\u00e7\u00e3o legal e n\u00e3o pode ser pass\u00edvel de negocia\u00e7\u00e3o! Assim sendo, neste 33o anivers\u00e1rio, bradamos mais uma vez: Nenhum direito a menos!<br><br><strong>Viva a Lei de Cotas!<\/strong>\u201d.<\/p>\n\n\n\n<div style=\"height:70px\" aria-hidden=\"true\" class=\"wp-block-spacer\"><\/div>\n\n\n\n<div id=\"section-g87ba7b\" class=\"wp-block-gutentor-e6 section-g87ba7b gutentor-element gutentor-element-image text-align-center-desktop\"><div class=\"gutentor-element-image-box\"><a class=\"gutentor-element-image-link\" href=\"window.print()\"><div class=\"gutentor-image-thumb\"><img decoding=\"async\" class=\"normal-image\" src=\"https:\/\/sinicesp.org.br\/wp-content\/uploads\/2022\/01\/impressora.png\" \/><\/div><\/a><\/div><\/div>\n<\/div><\/section>\n","protected":false},"excerpt":{"rendered":"<p>Celebrando conquistas e enfrentando amea\u00e7as<\/p>\n","protected":false},"author":1,"featured_media":5844,"comment_status":"closed","ping_status":"closed","sticky":false,"template":"","format":"standard","meta":{"om_disable_all_campaigns":false,"_uag_custom_page_level_css":"","_monsterinsights_skip_tracking":false,"_monsterinsights_sitenote_active":false,"_monsterinsights_sitenote_note":"","_monsterinsights_sitenote_category":0,"site-sidebar-layout":"default","site-content-layout":"default","ast-site-content-layout":"default","site-content-style":"default","site-sidebar-style":"default","ast-global-header-display":"","ast-banner-title-visibility":"","ast-main-header-display":"","ast-hfb-above-header-display":"","ast-hfb-below-header-display":"","ast-hfb-mobile-header-display":"","site-post-title":"disabled","ast-breadcrumbs-content":"disabled","ast-featured-img":"disabled","footer-sml-layout":"","ast-disable-related-posts":"","theme-transparent-header-meta":"default","adv-header-id-meta":"","stick-header-meta":"","header-above-stick-meta":"","header-main-stick-meta":"","header-below-stick-meta":"","astra-migrate-meta-layouts":"set","ast-page-background-enabled":"default","ast-page-background-meta":{"desktop":{"background-color":"","background-image":"","background-repeat":"repeat","background-position":"center center","background-size":"auto","background-attachment":"scroll","background-type":"","background-media":"","overlay-type":"","overlay-color":"","overlay-opacity":"","overlay-gradient":""},"tablet":{"background-color":"","background-image":"","background-repeat":"repeat","background-position":"center center","background-size":"auto","background-attachment":"scroll","background-type":"","background-media":"","overlay-type":"","overlay-color":"","overlay-opacity":"","overlay-gradient":""},"mobile":{"background-color":"","background-image":"","background-repeat":"repeat","background-position":"center center","background-size":"auto","background-attachment":"scroll","background-type":"","background-media":"","overlay-type":"","overlay-color":"","overlay-opacity":"","overlay-gradient":""}},"ast-content-background-meta":{"desktop":{"background-color":"var(--ast-global-color-5)","background-image":"","background-repeat":"repeat","background-position":"center center","background-size":"auto","background-attachment":"scroll","background-type":"","background-media":"","overlay-type":"","overlay-color":"","overlay-opacity":"","overlay-gradient":""},"tablet":{"background-color":"var(--ast-global-color-5)","background-image":"","background-repeat":"repeat","background-position":"center center","background-size":"auto","background-attachment":"scroll","background-type":"","background-media":"","overlay-type":"","overlay-color":"","overlay-opacity":"","overlay-gradient":""},"mobile":{"background-color":"var(--ast-global-color-5)","background-image":"","background-repeat":"repeat","background-position":"center center","background-size":"auto","background-attachment":"scroll","background-type":"","background-media":"","overlay-type":"","overlay-color":"","overlay-opacity":"","overlay-gradient":""}},"footnotes":""},"categories":[12],"tags":[15],"class_list":["post-5841","post","type-post","status-publish","format-standard","has-post-thumbnail","hentry","category-inclusao-profissional","tag-noticia"],"aioseo_notices":[],"gutentor_comment":0,"uagb_featured_image_src":{"full":["https:\/\/sinicesp.org.br\/wp-content\/uploads\/2024\/07\/inclusao-2024-17-destaque.jpg",250,167,false],"thumbnail":["https:\/\/sinicesp.org.br\/wp-content\/uploads\/2024\/07\/inclusao-2024-17-destaque-150x150.jpg",150,150,true],"medium":["https:\/\/sinicesp.org.br\/wp-content\/uploads\/2024\/07\/inclusao-2024-17-destaque.jpg",250,167,false],"medium_large":["https:\/\/sinicesp.org.br\/wp-content\/uploads\/2024\/07\/inclusao-2024-17-destaque.jpg",250,167,false],"large":["https:\/\/sinicesp.org.br\/wp-content\/uploads\/2024\/07\/inclusao-2024-17-destaque.jpg",250,167,false],"1536x1536":["https:\/\/sinicesp.org.br\/wp-content\/uploads\/2024\/07\/inclusao-2024-17-destaque.jpg",250,167,false],"2048x2048":["https:\/\/sinicesp.org.br\/wp-content\/uploads\/2024\/07\/inclusao-2024-17-destaque.jpg",250,167,false]},"uagb_author_info":{"display_name":"Rodrigo","author_link":"https:\/\/sinicesp.org.br\/index.php\/author\/sinicesp\/"},"uagb_comment_info":0,"uagb_excerpt":"Celebrando conquistas e enfrentando amea\u00e7as","_links":{"self":[{"href":"https:\/\/sinicesp.org.br\/index.php\/wp-json\/wp\/v2\/posts\/5841","targetHints":{"allow":["GET"]}}],"collection":[{"href":"https:\/\/sinicesp.org.br\/index.php\/wp-json\/wp\/v2\/posts"}],"about":[{"href":"https:\/\/sinicesp.org.br\/index.php\/wp-json\/wp\/v2\/types\/post"}],"author":[{"embeddable":true,"href":"https:\/\/sinicesp.org.br\/index.php\/wp-json\/wp\/v2\/users\/1"}],"replies":[{"embeddable":true,"href":"https:\/\/sinicesp.org.br\/index.php\/wp-json\/wp\/v2\/comments?post=5841"}],"version-history":[{"count":0,"href":"https:\/\/sinicesp.org.br\/index.php\/wp-json\/wp\/v2\/posts\/5841\/revisions"}],"wp:featuredmedia":[{"embeddable":true,"href":"https:\/\/sinicesp.org.br\/index.php\/wp-json\/wp\/v2\/media\/5844"}],"wp:attachment":[{"href":"https:\/\/sinicesp.org.br\/index.php\/wp-json\/wp\/v2\/media?parent=5841"}],"wp:term":[{"taxonomy":"category","embeddable":true,"href":"https:\/\/sinicesp.org.br\/index.php\/wp-json\/wp\/v2\/categories?post=5841"},{"taxonomy":"post_tag","embeddable":true,"href":"https:\/\/sinicesp.org.br\/index.php\/wp-json\/wp\/v2\/tags?post=5841"}],"curies":[{"name":"wp","href":"https:\/\/api.w.org\/{rel}","templated":true}]}}