{"id":5888,"date":"2024-08-02T09:35:47","date_gmt":"2024-08-02T12:35:47","guid":{"rendered":"https:\/\/sinicesp.org.br\/?p=5888"},"modified":"2024-08-02T09:35:48","modified_gmt":"2024-08-02T12:35:48","slug":"acessibilidade-digital-e-tema-de-reuniao-do-g20","status":"publish","type":"post","link":"https:\/\/sinicesp.org.br\/index.php\/2024\/08\/02\/acessibilidade-digital-e-tema-de-reuniao-do-g20\/","title":{"rendered":"Acessibilidade Digital \u00e9 tema de reuni\u00e3o do G20"},"content":{"rendered":"\n<section class=\"wp-block-uagb-section uagb-section__wrap uagb-section__background-color uagb-block-0fb1b19a\"><div class=\"uagb-section__overlay\"><\/div><div class=\"uagb-section__inner-wrap\">\n<div style=\"height:10px\" aria-hidden=\"true\" class=\"wp-block-spacer\"><\/div>\n\n\n\n<div class=\"wp-block-uagb-advanced-heading uagb-block-feb22a87\"><h3 class=\"uagb-heading-text\"><br><strong>Inclus\u00e3o profissional n\u00ba 18 (02\/08\/2024) <\/strong><\/h3><div class=\"uagb-separator\"><\/div><\/div>\n<\/div><\/section>\n\n\n\n<section class=\"wp-block-uagb-section uagb-section__wrap uagb-section__background-color uagb-block-08ad0879\"><div class=\"uagb-section__overlay\"><\/div><div class=\"uagb-section__inner-wrap\">\n<h2 class=\"wp-block-heading has-text-color\" style=\"color:#0767b1\"><strong>Acessibilidade Digital \u00e9 tema de reuni\u00e3o do G20<\/strong><\/h2>\n\n\n\n<div style=\"height:20px\" aria-hidden=\"true\" class=\"wp-block-spacer\"><\/div>\n\n\n\n<p>Durante o painel de trabalho \u201cTransforma\u00e7\u00e3o do Estado no s\u00e9culo XXI\u201d na reuni\u00e3o do\u00a0<a href=\"https:\/\/www.correiobraziliense.com.br\/economia\/2024\/07\/6906049-proposta-de-tributacao-dos-super-ricos-avanca-no-g20.html\" target=\"_blank\" rel=\"noreferrer noopener\">G20\u00a0<\/a>no dia 24\/07, a\u00a0<a href=\"https:\/\/www.correiobraziliense.com.br\/euestudante\/concursos\/2024\/07\/6903516-ministra-afirma-que-corte-de-gastos-nao-afetara-concursos-nacionais.html\" target=\"_blank\" rel=\"noreferrer noopener\">ministra da Gest\u00e3o e da Inova\u00e7\u00e3o em Servi\u00e7os P\u00fablicos (MGI), Esther Dweck,<\/a>\u00a0exp\u00f4s o plano para utilizar a\u00a0<a href=\"https:\/\/www.correiobraziliense.com.br\/cidades-df\/2024\/04\/6840416-berco-da-inovacao-brasilia-se-torna-celeiro-de-startups.html\" target=\"_blank\" rel=\"noreferrer noopener\">tecnologia\u00a0<\/a>como ferramenta inclusiva da popula\u00e7\u00e3o aos servi\u00e7os p\u00fablicos. Dweck entende que facilitar o acesso aos\u00a0<a href=\"https:\/\/www.correiobraziliense.com.br\/app\/noticia\/economia\/2020\/03\/23\/internas_economia,836075\/governo-oferece-54-dos-servicos-publicos-pela-internet.shtml\" target=\"_blank\" rel=\"noreferrer noopener\">servi\u00e7os governamentais por meio da internet<\/a>\u00a0\u00e9 essencial para que a transforma\u00e7\u00e3o do Estado alcance a vida pr\u00e1tica da popula\u00e7\u00e3o.<br><br>A ministra argumenta que a transforma\u00e7\u00e3o do Estado envolve tr\u00eas pilares: valorizar os servidores como agentes da inova\u00e7\u00e3o, o fortalecimento da\u00a0<a href=\"https:\/\/www.correiobraziliense.com.br\/brasil\/2022\/11\/5053159-brasil-e-um-dos-lideres-mundiais-na-digitalizacao-de-servicos-publicos.html\" target=\"_blank\" rel=\"noreferrer noopener\">Transforma\u00e7\u00e3o Digital dos servi\u00e7os p\u00fablicos<\/a>\u00a0e a governan\u00e7a colaborativa atrav\u00e9s da participa\u00e7\u00e3o da popula\u00e7\u00e3o.<br><br>\u201cDesde a\u00a0<a href=\"https:\/\/www.correiobraziliense.com.br\/economia\/2023\/02\/5071163-ministerio-da-gestao-e-da-inovacao-realiza-primeira-nomeacao-do-governo-lula.html\" target=\"_blank\" rel=\"noreferrer noopener\">cria\u00e7\u00e3o do MGI,<\/a>\u00a0n\u00f3s resolvemos trocar o termo\u00a0<a href=\"https:\/\/www.correiobraziliense.com.br\/economia\/2023\/09\/5124593-reforma-administrativa-provoca-batalha-no-congresso-entenda.html\" target=\"_blank\" rel=\"noreferrer noopener\">Reforma Administrativa pelo termo Transforma\u00e7\u00e3o do Estado<\/a>. Temos que repensar o papel do Estado, onde as pessoas que ali trabalham representem a sociedade brasileira. A\u00a0<a href=\"https:\/\/www.correiobraziliense.com.br\/opiniao\/2024\/04\/6843216-lei-de-cotas-no-servico-publico-aprimorar-para-avancar.html\" target=\"_blank\" rel=\"noreferrer noopener\">Lei de Cotas<\/a>\u00a0para o servi\u00e7o p\u00fablico ajudou a mudar a entrada no servi\u00e7o p\u00fablico, mas precis\u00e1vamos ir al\u00e9m, e o\u00a0<a href=\"https:\/\/www.correiobraziliense.com.br\/euestudante\/concursos\/2024\/06\/6888343-novo-concurso-unificado-pode-ocorrer-em-2025-diz-ministra-da-gestao.html\" target=\"_blank\" rel=\"noreferrer noopener\">Concurso P\u00fablico Nacional Unificado<\/a>\u00a0foi pensando na diversidade da entrada regional do Brasil\u201d, salientou.<br><br>A Transforma\u00e7\u00e3o do Estado, segundo Dweck, tem o dever de trazer a esperan\u00e7a de mudan\u00e7a e transforma\u00e7\u00e3o para a vida da popula\u00e7\u00e3o. Assim, o governo pretende aumentar o letramento digital por meio da acessibilidade aos servi\u00e7os p\u00fablicos na internet.<br><br>\u201cTemos trabalhado para que o governo possa fazer essa transforma\u00e7\u00e3o digital sem deixar ningu\u00e9m para tr\u00e1s, tendo por exemplo espa\u00e7os f\u00edsicos para trocas de informa\u00e7\u00f5es e plano de dados que permitam a conex\u00e3o gratuita aos servi\u00e7os p\u00fablicos, garantindo a transforma\u00e7\u00e3o do Estado com foco na inclus\u00e3o e justi\u00e7a social\u201d, apontou.<br><br><strong>Fonte: Correio Braziliense<\/strong><\/p>\n\n\n\n<div style=\"height:20px\" aria-hidden=\"true\" class=\"wp-block-spacer\"><\/div>\n\n\n\n<div id=\"section-g-i1cic45\" class=\"wp-block-gutentor-e6 section-g-i1cic45 gutentor-element gutentor-element-image text-align-center-desktop\"><div class=\"gutentor-element-image-box\"><div class=\"gutentor-image-thumb\"><img decoding=\"async\" class=\"normal-image\" src=\"https:\/\/sinicesp.org.br\/wp-content\/uploads\/2024\/08\/inclusao-2024-18-interna.jpg\" \/><\/div><\/div><\/div>\n\n\n\n<div style=\"height:70px\" aria-hidden=\"true\" class=\"wp-block-spacer\"><\/div>\n\n\n\n<div id=\"section-g87ba7b\" class=\"wp-block-gutentor-e6 section-g87ba7b gutentor-element gutentor-element-image text-align-center-desktop\"><div class=\"gutentor-element-image-box\"><a class=\"gutentor-element-image-link\" href=\"window.print()\"><div class=\"gutentor-image-thumb\"><img decoding=\"async\" class=\"normal-image\" src=\"https:\/\/sinicesp.org.br\/wp-content\/uploads\/2022\/01\/impressora.png\" \/><\/div><\/a><\/div><\/div>\n<\/div><\/section>\n","protected":false},"excerpt":{"rendered":"<p>Plano de transforma\u00e7\u00e3o digital dos servi\u00e7os p\u00fablicos pretende trazer mais acessibilidade e letramento digital. <\/p>\n","protected":false},"author":1,"featured_media":5889,"comment_status":"closed","ping_status":"closed","sticky":false,"template":"","format":"standard","meta":{"om_disable_all_campaigns":false,"_uag_custom_page_level_css":"","_monsterinsights_skip_tracking":false,"_monsterinsights_sitenote_active":false,"_monsterinsights_sitenote_note":"","_monsterinsights_sitenote_category":0,"site-sidebar-layout":"default","site-content-layout":"default","ast-site-content-layout":"default","site-content-style":"default","site-sidebar-style":"default","ast-global-header-display":"","ast-banner-title-visibility":"","ast-main-header-display":"","ast-hfb-above-header-display":"","ast-hfb-below-header-display":"","ast-hfb-mobile-header-display":"","site-post-title":"disabled","ast-breadcrumbs-content":"disabled","ast-featured-img":"disabled","footer-sml-layout":"","ast-disable-related-posts":"","theme-transparent-header-meta":"default","adv-header-id-meta":"","stick-header-meta":"","header-above-stick-meta":"","header-main-stick-meta":"","header-below-stick-meta":"","astra-migrate-meta-layouts":"set","ast-page-background-enabled":"default","ast-page-background-meta":{"desktop":{"background-color":"","background-image":"","background-repeat":"repeat","background-position":"center center","background-size":"auto","background-attachment":"scroll","background-type":"","background-media":"","overlay-type":"","overlay-color":"","overlay-opacity":"","overlay-gradient":""},"tablet":{"background-color":"","background-image":"","background-repeat":"repeat","background-position":"center center","background-size":"auto","background-attachment":"scroll","background-type":"","background-media":"","overlay-type":"","overlay-color":"","overlay-opacity":"","overlay-gradient":""},"mobile":{"background-color":"","background-image":"","background-repeat":"repeat","background-position":"center center","background-size":"auto","background-attachment":"scroll","background-type":"","background-media":"","overlay-type":"","overlay-color":"","overlay-opacity":"","overlay-gradient":""}},"ast-content-background-meta":{"desktop":{"background-color":"var(--ast-global-color-5)","background-image":"","background-repeat":"repeat","background-position":"center center","background-size":"auto","background-attachment":"scroll","background-type":"","background-media":"","overlay-type":"","overlay-color":"","overlay-opacity":"","overlay-gradient":""},"tablet":{"background-color":"var(--ast-global-color-5)","background-image":"","background-repeat":"repeat","background-position":"center center","background-size":"auto","background-attachment":"scroll","background-type":"","background-media":"","overlay-type":"","overlay-color":"","overlay-opacity":"","overlay-gradient":""},"mobile":{"background-color":"var(--ast-global-color-5)","background-image":"","background-repeat":"repeat","background-position":"center center","background-size":"auto","background-attachment":"scroll","background-type":"","background-media":"","overlay-type":"","overlay-color":"","overlay-opacity":"","overlay-gradient":""}},"footnotes":""},"categories":[12],"tags":[15],"class_list":["post-5888","post","type-post","status-publish","format-standard","has-post-thumbnail","hentry","category-inclusao-profissional","tag-noticia"],"aioseo_notices":[],"gutentor_comment":0,"uagb_featured_image_src":{"full":["https:\/\/sinicesp.org.br\/wp-content\/uploads\/2024\/08\/inclusao-2024-18-destaque.jpg",250,167,false],"thumbnail":["https:\/\/sinicesp.org.br\/wp-content\/uploads\/2024\/08\/inclusao-2024-18-destaque-150x150.jpg",150,150,true],"medium":["https:\/\/sinicesp.org.br\/wp-content\/uploads\/2024\/08\/inclusao-2024-18-destaque.jpg",250,167,false],"medium_large":["https:\/\/sinicesp.org.br\/wp-content\/uploads\/2024\/08\/inclusao-2024-18-destaque.jpg",250,167,false],"large":["https:\/\/sinicesp.org.br\/wp-content\/uploads\/2024\/08\/inclusao-2024-18-destaque.jpg",250,167,false],"1536x1536":["https:\/\/sinicesp.org.br\/wp-content\/uploads\/2024\/08\/inclusao-2024-18-destaque.jpg",250,167,false],"2048x2048":["https:\/\/sinicesp.org.br\/wp-content\/uploads\/2024\/08\/inclusao-2024-18-destaque.jpg",250,167,false]},"uagb_author_info":{"display_name":"Rodrigo","author_link":"https:\/\/sinicesp.org.br\/index.php\/author\/sinicesp\/"},"uagb_comment_info":0,"uagb_excerpt":"Plano de transforma\u00e7\u00e3o digital dos servi\u00e7os p\u00fablicos pretende trazer mais acessibilidade e letramento digital.","_links":{"self":[{"href":"https:\/\/sinicesp.org.br\/index.php\/wp-json\/wp\/v2\/posts\/5888","targetHints":{"allow":["GET"]}}],"collection":[{"href":"https:\/\/sinicesp.org.br\/index.php\/wp-json\/wp\/v2\/posts"}],"about":[{"href":"https:\/\/sinicesp.org.br\/index.php\/wp-json\/wp\/v2\/types\/post"}],"author":[{"embeddable":true,"href":"https:\/\/sinicesp.org.br\/index.php\/wp-json\/wp\/v2\/users\/1"}],"replies":[{"embeddable":true,"href":"https:\/\/sinicesp.org.br\/index.php\/wp-json\/wp\/v2\/comments?post=5888"}],"version-history":[{"count":0,"href":"https:\/\/sinicesp.org.br\/index.php\/wp-json\/wp\/v2\/posts\/5888\/revisions"}],"wp:featuredmedia":[{"embeddable":true,"href":"https:\/\/sinicesp.org.br\/index.php\/wp-json\/wp\/v2\/media\/5889"}],"wp:attachment":[{"href":"https:\/\/sinicesp.org.br\/index.php\/wp-json\/wp\/v2\/media?parent=5888"}],"wp:term":[{"taxonomy":"category","embeddable":true,"href":"https:\/\/sinicesp.org.br\/index.php\/wp-json\/wp\/v2\/categories?post=5888"},{"taxonomy":"post_tag","embeddable":true,"href":"https:\/\/sinicesp.org.br\/index.php\/wp-json\/wp\/v2\/tags?post=5888"}],"curies":[{"name":"wp","href":"https:\/\/api.w.org\/{rel}","templated":true}]}}