{"id":5953,"date":"2024-08-22T07:38:21","date_gmt":"2024-08-22T10:38:21","guid":{"rendered":"https:\/\/sinicesp.org.br\/?p=5953"},"modified":"2025-02-21T13:56:51","modified_gmt":"2025-02-21T16:56:51","slug":"chamada-publica-de-praticas-de-economia-circular","status":"publish","type":"post","link":"https:\/\/sinicesp.org.br\/index.php\/2024\/08\/22\/chamada-publica-de-praticas-de-economia-circular\/","title":{"rendered":"Chamada p\u00fablica de pr\u00e1ticas de economia circular"},"content":{"rendered":"\n<section class=\"wp-block-uagb-section uagb-section__wrap uagb-section__background-undefined alignfull uagb-block-2f08c80a\"><div class=\"uagb-section__overlay\"><\/div><div class=\"uagb-section__inner-wrap\"><\/div><\/section>\n\n\n\n<section class=\"wp-block-uagb-section uagb-section__wrap uagb-section__background-color uagb-block-fb12de67\"><div class=\"uagb-section__overlay\"><\/div><div class=\"uagb-section__inner-wrap\">\n<div style=\"height:10px\" aria-hidden=\"true\" class=\"wp-block-spacer\"><\/div>\n\n\n\n<div class=\"wp-block-uagb-advanced-heading uagb-block-65b745e7\"><h3 class=\"uagb-heading-text\"><br><strong>22\/08\/2024 <\/strong><\/h3><div class=\"uagb-separator\"><\/div><\/div>\n\n\n\n<p><\/p>\n<\/div><\/section>\n\n\n\n<section class=\"wp-block-uagb-section uagb-section__wrap uagb-section__background-color uagb-block-45caa5c2\"><div class=\"uagb-section__overlay\"><\/div><div class=\"uagb-section__inner-wrap\">\n<h2 class=\"wp-block-heading has-text-align-left has-text-color\" id=\"organizacoes-se-aliam-para-divulgar-normas-padronizadas-em-esg-e-sustentabilidade\" style=\"color:#0767b1\"><strong><strong><strong><strong><strong>Chamada p\u00fablica de pr\u00e1ticas de economia circular<\/strong><\/strong><\/strong><\/strong><\/strong><\/h2>\n\n\n\n<div style=\"height:20px\" aria-hidden=\"true\" class=\"wp-block-spacer\"><\/div>\n\n\n\n<p>\u00c9 imprescind\u00edvel, como agentes de transforma\u00e7\u00e3o que somos, nos mantermos alinhados \u00e0s metas mundiais para reverter a crise clim\u00e1tica. A transi\u00e7\u00e3o para um modelo de Economia Circular \u00e9 um desafio.<br><br>Hoje, os princ\u00edpios b\u00e1sicos da economia circular se estruturam nas a\u00e7\u00f5es de eliminar a gera\u00e7\u00e3o de rejeitos e polui\u00e7\u00e3o; manter os produtos e materiais em uso e regenerar os sistemas naturais.<br><br>Essas pr\u00e1ticas criam oportunidades para a Ind\u00fastria de se modernizar, de reduzir perdas produtivas e de inovar no seu modelo de neg\u00f3cio.<br><br>A FIESP realiza at\u00e9 o dia 15 de outubro de 2024 chamada p\u00fablica de pr\u00e1ticas de economia circular com o objetivo valorizar as boas pr\u00e1ticas da ind\u00fastria no Brasil, Am\u00e9rica Latina e Caribe e, ao mesmo tempo, divulgar seus resultados positivos. Podem participar desta chamada ind\u00fastrias e entidades representativas do setor industrial da Am\u00e9rica Latina e Caribe.<br><br>A submiss\u00e3o de pr\u00e1ticas deve ser realizada na plataforma dispon\u00edvel no endere\u00e7o <a href=\"https:\/\/evento.fiesp.com.br\/caseeconomiacircular\/\">https:\/\/evento.fiesp.com.br\/caseeconomiacircular\/<\/a><br><br>Ap\u00f3s realizar seu cadastro e login na plataforma, voc\u00ea dever\u00e1 clicar no bot\u00e3o \u201crealizar submiss\u00e3o\u201d&gt; \u201csubmeter\u201d, selecionar a modalidade que sua pr\u00e1tica se enquadra e preencher o formul\u00e1rio eletr\u00f4nico.<br><br>Informa\u00e7\u00f5es complementares em: <a href=\"https:\/\/evento.fiesp.com.br\/caseeconomiacircular\/?lang=pt\">https:\/\/evento.fiesp.com.br\/caseeconomiacircular\/?lang=pt<\/a><\/p>\n\n\n\n<div id=\"section-g-113j63q\" class=\"wp-block-gutentor-e6 section-g-113j63q gutentor-element gutentor-element-image text-align-center-desktop\"><div class=\"gutentor-element-image-box\"><div class=\"gutentor-image-thumb\"><img decoding=\"async\" class=\"normal-image\" src=\"https:\/\/sinicesp.org.br\/wp-content\/uploads\/2024\/08\/2024-Economia-Circular-interna.jpg\" \/><\/div><\/div><\/div>\n\n\n\n<div style=\"height:40px\" aria-hidden=\"true\" class=\"wp-block-spacer\"><\/div>\n\n\n\n<div id=\"section-g655818\" class=\"wp-block-gutentor-e6 section-g655818 gutentor-element gutentor-element-image text-align-center-desktop\"><div class=\"gutentor-element-image-box\"><a class=\"gutentor-element-image-link\" href=\"window.print()\"><div class=\"gutentor-image-thumb\"><img decoding=\"async\" class=\"normal-image\" src=\"https:\/\/sinicesp.org.br\/wp-content\/uploads\/2022\/01\/impressora.png\" \/><\/div><\/a><\/div><\/div>\n<\/div><\/section>\n","protected":false},"excerpt":{"rendered":"<p>\u00c9 imprescind\u00edvel, como agentes de transforma\u00e7\u00e3o que somos, nos mantermos alinhados \u00e0s metas mundiais para reverter a crise clim\u00e1tica. <\/p>\n","protected":false},"author":1,"featured_media":5954,"comment_status":"closed","ping_status":"closed","sticky":false,"template":"","format":"standard","meta":{"om_disable_all_campaigns":false,"_uag_custom_page_level_css":"","_monsterinsights_skip_tracking":false,"_monsterinsights_sitenote_active":false,"_monsterinsights_sitenote_note":"","_monsterinsights_sitenote_category":0,"site-sidebar-layout":"default","site-content-layout":"plain-container","ast-site-content-layout":"normal-width-container","site-content-style":"unboxed","site-sidebar-style":"unboxed","ast-global-header-display":"","ast-banner-title-visibility":"","ast-main-header-display":"","ast-hfb-above-header-display":"","ast-hfb-below-header-display":"","ast-hfb-mobile-header-display":"","site-post-title":"disabled","ast-breadcrumbs-content":"","ast-featured-img":"disabled","footer-sml-layout":"","ast-disable-related-posts":"","theme-transparent-header-meta":"default","adv-header-id-meta":"","stick-header-meta":"","header-above-stick-meta":"","header-main-stick-meta":"","header-below-stick-meta":"","astra-migrate-meta-layouts":"set","ast-page-background-enabled":"default","ast-page-background-meta":{"desktop":{"background-color":"","background-image":"","background-repeat":"repeat","background-position":"center center","background-size":"auto","background-attachment":"scroll","background-type":"","background-media":"","overlay-type":"","overlay-color":"","overlay-opacity":"","overlay-gradient":""},"tablet":{"background-color":"","background-image":"","background-repeat":"repeat","background-position":"center center","background-size":"auto","background-attachment":"scroll","background-type":"","background-media":"","overlay-type":"","overlay-color":"","overlay-opacity":"","overlay-gradient":""},"mobile":{"background-color":"","background-image":"","background-repeat":"repeat","background-position":"center center","background-size":"auto","background-attachment":"scroll","background-type":"","background-media":"","overlay-type":"","overlay-color":"","overlay-opacity":"","overlay-gradient":""}},"ast-content-background-meta":{"desktop":{"background-color":"var(--ast-global-color-5)","background-image":"","background-repeat":"repeat","background-position":"center center","background-size":"auto","background-attachment":"scroll","background-type":"","background-media":"","overlay-type":"","overlay-color":"","overlay-opacity":"","overlay-gradient":""},"tablet":{"background-color":"var(--ast-global-color-5)","background-image":"","background-repeat":"repeat","background-position":"center center","background-size":"auto","background-attachment":"scroll","background-type":"","background-media":"","overlay-type":"","overlay-color":"","overlay-opacity":"","overlay-gradient":""},"mobile":{"background-color":"var(--ast-global-color-5)","background-image":"","background-repeat":"repeat","background-position":"center center","background-size":"auto","background-attachment":"scroll","background-type":"","background-media":"","overlay-type":"","overlay-color":"","overlay-opacity":"","overlay-gradient":""}},"footnotes":""},"categories":[132],"tags":[15],"class_list":["post-5953","post","type-post","status-publish","format-standard","has-post-thumbnail","hentry","category-responsabilidade-social","tag-noticia"],"aioseo_notices":[],"gutentor_comment":0,"uagb_featured_image_src":{"full":["https:\/\/sinicesp.org.br\/wp-content\/uploads\/2024\/08\/2024-Economia-Circular-destaque.jpg",250,167,false],"thumbnail":["https:\/\/sinicesp.org.br\/wp-content\/uploads\/2024\/08\/2024-Economia-Circular-destaque-150x150.jpg",150,150,true],"medium":["https:\/\/sinicesp.org.br\/wp-content\/uploads\/2024\/08\/2024-Economia-Circular-destaque.jpg",250,167,false],"medium_large":["https:\/\/sinicesp.org.br\/wp-content\/uploads\/2024\/08\/2024-Economia-Circular-destaque.jpg",250,167,false],"large":["https:\/\/sinicesp.org.br\/wp-content\/uploads\/2024\/08\/2024-Economia-Circular-destaque.jpg",250,167,false],"1536x1536":["https:\/\/sinicesp.org.br\/wp-content\/uploads\/2024\/08\/2024-Economia-Circular-destaque.jpg",250,167,false],"2048x2048":["https:\/\/sinicesp.org.br\/wp-content\/uploads\/2024\/08\/2024-Economia-Circular-destaque.jpg",250,167,false]},"uagb_author_info":{"display_name":"Rodrigo","author_link":"https:\/\/sinicesp.org.br\/index.php\/author\/sinicesp\/"},"uagb_comment_info":0,"uagb_excerpt":"\u00c9 imprescind\u00edvel, como agentes de transforma\u00e7\u00e3o que somos, nos mantermos alinhados \u00e0s metas mundiais para reverter a crise clim\u00e1tica.","_links":{"self":[{"href":"https:\/\/sinicesp.org.br\/index.php\/wp-json\/wp\/v2\/posts\/5953","targetHints":{"allow":["GET"]}}],"collection":[{"href":"https:\/\/sinicesp.org.br\/index.php\/wp-json\/wp\/v2\/posts"}],"about":[{"href":"https:\/\/sinicesp.org.br\/index.php\/wp-json\/wp\/v2\/types\/post"}],"author":[{"embeddable":true,"href":"https:\/\/sinicesp.org.br\/index.php\/wp-json\/wp\/v2\/users\/1"}],"replies":[{"embeddable":true,"href":"https:\/\/sinicesp.org.br\/index.php\/wp-json\/wp\/v2\/comments?post=5953"}],"version-history":[{"count":0,"href":"https:\/\/sinicesp.org.br\/index.php\/wp-json\/wp\/v2\/posts\/5953\/revisions"}],"wp:featuredmedia":[{"embeddable":true,"href":"https:\/\/sinicesp.org.br\/index.php\/wp-json\/wp\/v2\/media\/5954"}],"wp:attachment":[{"href":"https:\/\/sinicesp.org.br\/index.php\/wp-json\/wp\/v2\/media?parent=5953"}],"wp:term":[{"taxonomy":"category","embeddable":true,"href":"https:\/\/sinicesp.org.br\/index.php\/wp-json\/wp\/v2\/categories?post=5953"},{"taxonomy":"post_tag","embeddable":true,"href":"https:\/\/sinicesp.org.br\/index.php\/wp-json\/wp\/v2\/tags?post=5953"}],"curies":[{"name":"wp","href":"https:\/\/api.w.org\/{rel}","templated":true}]}}