{"id":6236,"date":"2024-10-14T13:19:16","date_gmt":"2024-10-14T16:19:16","guid":{"rendered":"https:\/\/sinicesp.org.br\/?p=6236"},"modified":"2024-10-14T13:19:18","modified_gmt":"2024-10-14T16:19:18","slug":"brasinfra-participa-do-congresso-brasileiro-de-direito-administrativo","status":"publish","type":"post","link":"https:\/\/sinicesp.org.br\/index.php\/2024\/10\/14\/brasinfra-participa-do-congresso-brasileiro-de-direito-administrativo\/","title":{"rendered":"BRASINFRA participa do Congresso Brasileiro de Direito Administrativo"},"content":{"rendered":"\n<section class=\"wp-block-uagb-section uagb-section__wrap uagb-section__background-undefined alignfull uagb-block-998d3ed5\"><div class=\"uagb-section__overlay\"><\/div><div class=\"uagb-section__inner-wrap\"><\/div><\/section>\n\n\n\n<section class=\"wp-block-uagb-section uagb-section__wrap uagb-section__background-color uagb-block-844792b5\"><div class=\"uagb-section__overlay\"><\/div><div class=\"uagb-section__inner-wrap\">\n<div style=\"height:11px\" aria-hidden=\"true\" class=\"wp-block-spacer\"><\/div>\n\n\n\n<div class=\"wp-block-uagb-advanced-heading uagb-block-49dea6fc\"><h3 class=\"uagb-heading-text\"><br><strong>\u00daltimas Not\u00edcias n\u00ba 41 (14\/10\/2024) <\/strong><\/h3><div class=\"uagb-separator\"><\/div><\/div>\n<\/div><\/section>\n\n\n\n<section class=\"wp-block-uagb-section uagb-section__wrap uagb-section__background-color uagb-block-2bd3adbe\"><div class=\"uagb-section__overlay\"><\/div><div class=\"uagb-section__inner-wrap\">\n<h2 class=\"wp-block-heading has-text-align-left has-text-color\" id=\"agencia-infra-publica-informacao-sobre-estudo-realizado-pela-brasinfra-sobre-a-nova-lei-de-licitacoes-e-contratos\" style=\"color:#0767b1\"><strong><strong><strong><strong><strong><strong><strong><strong><strong><strong><strong><strong><strong><strong>BRASINFRA participa do Congresso Brasileiro de Direito Administrativo<\/strong><\/strong><\/strong><\/strong><\/strong><\/strong><\/strong><\/strong><\/strong><\/strong><\/strong><\/strong><\/strong><\/strong><\/h2>\n\n\n\n<div style=\"height:20px\" aria-hidden=\"true\" class=\"wp-block-spacer\"><\/div>\n\n\n\n<div id=\"section-g-1iyjcyy\" class=\"wp-block-gutentor-e0 section-g-1iyjcyy gutentor-element gutentor-element-advanced-text text-align-justify-desktop\"><div class=\"gutentor-text-wrap\"><p class=\"gutentor-text\">O \u00a038\u00ba Congresso Brasileiro de Direito Administrativo (CBDA) foi realizado entre os dias 08 e 10 de outubro, no Centro de Conven\u00e7\u00f5es de Jo\u00e3o Pessoa (PB). O evento foi promovido pelo Instituto Brasileiro de Direito Administrativo (IBDA),\u00a0com apoio do Tribunal de Contas do Estado da\u00a0Para\u00edba, e reuniu\u00a0 mais de 2.500 profissionais de todo o Pa\u00eds.<br><br>A abertura na ter\u00e7a-feira (08) contou com a presen\u00e7a do presidente do TCE-PB, conselheiro Nominando Diniz Filho.\u00a0 A palestra inicial foi\u00a0 \u201cNova Lei de Licita\u00e7\u00f5es e o Papel dos Tribunais de Contas\u201d, proferida pelo ministro do Tribunal de Contas da Uni\u00e3o (TCU), Benjamin Zymler.<br><br>Na programa\u00e7\u00e3o de encerramento, no dia 10 de outubro, foi apresentada a palestra \u201c O Direito Administrativo no S\u00e9culo XXI\u201d, com a participa\u00e7\u00e3o de \u00a0Jo\u00e3o Batista Moreira, desembargador presidente do TRF 1\u00aa Regi\u00e3o,\u00a0 e de Maria Sylvia Zanella Di Pietro,\u00a0mestre, doutora e livre-docente pela Faculdade de Direito da USP.<br><br>O CBDA tem como objetivo fomentar o debate sobre o avan\u00e7o do Direito Administrativo, reunindo anualmente especialistas do Judici\u00e1rio, Minist\u00e9rio P\u00fablico e Tribunais de Contas de todo o Brasil, estruturando-se em um espa\u00e7o para discutir a defesa da democracia, o aprimoramento do controle externo e da gest\u00e3o p\u00fablica, al\u00e9m de promover capacita\u00e7\u00e3o e networking entre os participantes.<br><br>\u00a0A presidente do IBDA, Cristiana Maria Fortini Pinto e Silva, enfatizou a import\u00e2ncia de ter trazido\u00a0 o evento para a Para\u00edba, um Estado que ainda n\u00e3o havia sediado o Congresso. &#8220;Queremos fazer da Para\u00edba um centro das discuss\u00f5es sobre Direito Administrativo no pa\u00eds. O 38\u00ba foi um marco importante para a discuss\u00e3o e evolu\u00e7\u00e3o do Direito Administrativo no Brasil\u201d, destacou.<br><br>A 38\u00aa edi\u00e7\u00e3o do Congresso homenageou\u00a0 o professor Clovis Beznos, mestre e doutor em Direito do Estado, e trouxe como tema central &#8220;Integridade, Sustentabilidade e Governan\u00e7a&#8221;.<br><br>A BRASINFRA esteve representada no evento pelo diretor administrativo e financeiro, Calos Laurito, pelo presidente do SICEPOT-MG, Bruno Baeta, e pelo presidente do SINCOMPE-CE, Dinalvo Diniz.<\/p><\/div><\/div>\n\n\n\n<div style=\"height:25px\" aria-hidden=\"true\" class=\"wp-block-spacer\"><\/div>\n\n\n\t\t\t\t\t<div\n\t\t\t\t\t\tclass=\"wp-block-uagb-image-gallery uagb-block-95a30021     \"\n\t\t\t\t\t\tstyle=\"\"\n\t\t\t\t\t>\n\t\t\t\t\t\t\t\t\t\t\t<div class=\"spectra-image-gallery spectra-image-gallery__layout--tiled spectra-image-gallery__layout--tiled-col-4 spectra-image-gallery__layout--tiled-col-tab-4 spectra-image-gallery__layout--tiled-col-mob-4\">\n\t\t\t\t\t\t\t\t\t\t\t<div class='spectra-image-gallery__media-wrapper' data-spectra-gallery-image-id='6239' tabindex=\"0\">\n\t\t\t\t\t\t\t<div class=\"spectra-image-gallery__media spectra-image-gallery__media--tiled\">\n\t\t\t\t<picture>\n\t\t\t\t\t<source media=\"(min-width: 1024px)\" srcset=\"https:\/\/sinicesp.org.br\/wp-content\/uploads\/2024\/10\/ultimas-2024-41-interna02.jpg\">\n\t\t\t\t\t<source media=\"(min-width: 768px)\" srcset=\"https:\/\/sinicesp.org.br\/wp-content\/uploads\/2024\/10\/ultimas-2024-41-interna02.jpg\">\n\t\t\t\t\t<img decoding=\"async\" class=\"spectra-image-gallery__media-thumbnail spectra-image-gallery__media-thumbnail--tiled\" src=\"https:\/\/sinicesp.org.br\/wp-content\/uploads\/2024\/10\/ultimas-2024-41-interna02-225x300.jpg\" alt=\"\" loading=\"lazy\" \/>\n\t\t\t\t<\/picture>\n\t\t\t\t<div class=\"spectra-image-gallery__media-thumbnail-blurrer\"><\/div>\n\t\t\t\t\t\t\t\t\t\t\t<div class=\"spectra-image-gallery__media-thumbnail-caption-wrapper spectra-image-gallery__media-thumbnail-caption-wrapper--bar-inside\">\n\t\t\t\t\t\t\t\t\t\t\t<div class=\"spectra-image-gallery__media-thumbnail-caption spectra-image-gallery__media-thumbnail-caption--bar-inside\">\n\t\t\t\t\tCarlos Laurito e Nat\u00e1lia Resende, secret\u00e1ria de Meio Ambiente, Infraestrutura e Log\u00edstica do Governo de S\u00e3o Paulo\t\t\t\t<\/div>\n\t\t\t\t\t\t\t\t\t\t<\/div>\n\t\t\t\t\t\t\t\t\t<\/div>\n\t\t\t\t\t\t<\/div>\n\t\t\t\t\t\t<div class='spectra-image-gallery__media-wrapper' data-spectra-gallery-image-id='6240' tabindex=\"0\">\n\t\t\t\t\t\t\t<div class=\"spectra-image-gallery__media spectra-image-gallery__media--tiled\">\n\t\t\t\t<picture>\n\t\t\t\t\t<source media=\"(min-width: 1024px)\" srcset=\"https:\/\/sinicesp.org.br\/wp-content\/uploads\/2024\/10\/ultimas-2024-41-interna03.jpg\">\n\t\t\t\t\t<source media=\"(min-width: 768px)\" srcset=\"https:\/\/sinicesp.org.br\/wp-content\/uploads\/2024\/10\/ultimas-2024-41-interna03.jpg\">\n\t\t\t\t\t<img decoding=\"async\" class=\"spectra-image-gallery__media-thumbnail spectra-image-gallery__media-thumbnail--tiled\" src=\"https:\/\/sinicesp.org.br\/wp-content\/uploads\/2024\/10\/ultimas-2024-41-interna03-225x300.jpg\" alt=\"\" loading=\"lazy\" \/>\n\t\t\t\t<\/picture>\n\t\t\t\t<div class=\"spectra-image-gallery__media-thumbnail-blurrer\"><\/div>\n\t\t\t\t\t\t\t\t\t\t\t<div class=\"spectra-image-gallery__media-thumbnail-caption-wrapper spectra-image-gallery__media-thumbnail-caption-wrapper--bar-inside\">\n\t\t\t\t\t\t\t\t\t\t\t<div class=\"spectra-image-gallery__media-thumbnail-caption spectra-image-gallery__media-thumbnail-caption--bar-inside\">\n\t\t\t\t\tBruno Baeta, Maria Sylvia Zanella Di Pietro, mestre, doutora e livre-docente pela Faculdade de Direito da USP, e Carlos Laurito\t\t\t\t<\/div>\n\t\t\t\t\t\t\t\t\t\t<\/div>\n\t\t\t\t\t\t\t\t\t<\/div>\n\t\t\t\t\t\t<\/div>\n\t\t\t\t\t\t<div class='spectra-image-gallery__media-wrapper' data-spectra-gallery-image-id='6238' tabindex=\"0\">\n\t\t\t\t\t\t\t<div class=\"spectra-image-gallery__media spectra-image-gallery__media--tiled\">\n\t\t\t\t<picture>\n\t\t\t\t\t<source media=\"(min-width: 1024px)\" srcset=\"https:\/\/sinicesp.org.br\/wp-content\/uploads\/2024\/10\/ultimas-2024-41-interna01.jpg\">\n\t\t\t\t\t<source media=\"(min-width: 768px)\" srcset=\"https:\/\/sinicesp.org.br\/wp-content\/uploads\/2024\/10\/ultimas-2024-41-interna01.jpg\">\n\t\t\t\t\t<img decoding=\"async\" class=\"spectra-image-gallery__media-thumbnail spectra-image-gallery__media-thumbnail--tiled\" src=\"https:\/\/sinicesp.org.br\/wp-content\/uploads\/2024\/10\/ultimas-2024-41-interna01-300x200.jpg\" alt=\"\" loading=\"lazy\" \/>\n\t\t\t\t<\/picture>\n\t\t\t\t<div class=\"spectra-image-gallery__media-thumbnail-blurrer\"><\/div>\n\t\t\t\t\t\t\t\t\t\t\t<div class=\"spectra-image-gallery__media-thumbnail-caption-wrapper spectra-image-gallery__media-thumbnail-caption-wrapper--bar-inside\">\n\t\t\t\t\t\t\t\t\t\t\t<div class=\"spectra-image-gallery__media-thumbnail-caption spectra-image-gallery__media-thumbnail-caption--bar-inside\">\n\t\t\t\t\tda esquerda para direita Dr. V\u00edtor Holanda Freire, advogado do SINCONPE-CE, Carlos Laurito, diretor Administrativo e Financeiro da BRASINFRA, Cristiane Fortini, presidente do Congresso, e Dinalvo Diniz, presidente do SINCONPE-CE\t\t\t\t<\/div>\n\t\t\t\t\t\t\t\t\t\t<\/div>\n\t\t\t\t\t\t\t\t\t<\/div>\n\t\t\t\t\t\t<\/div>\n\t\t\t\t\t\t\t\t\t\t\t<div class=\"spectra-image-gallery__media-sizer\"><\/div>\n\t\t\t\t\t\t\t<\/div>\n\t\t\t\t\t\t\t\t\t\t\t<\/div>\n\t\t\t\t\t\t\t\t\t\n\n\n<div style=\"height:70px\" aria-hidden=\"true\" class=\"wp-block-spacer\"><\/div>\n\n\n\n<div id=\"section-gd731a4\" class=\"wp-block-gutentor-e6 section-gd731a4 gutentor-element gutentor-element-image text-align-center-desktop\"><div class=\"gutentor-element-image-box\"><a class=\"gutentor-element-image-link\" href=\"window.print()\"><div class=\"gutentor-image-thumb\"><img decoding=\"async\" class=\"normal-image\" src=\"https:\/\/sinicesp.org.br\/wp-content\/uploads\/2022\/01\/impressora.png\" \/><\/div><\/a><\/div><\/div>\n<\/div><\/section>\n","protected":false},"excerpt":{"rendered":"<p>O  38\u00ba Congresso Brasileiro de Direito Administrativo (CBDA) foi realizado entre os dias 08 e 10 de outubro, no Centro de Conven\u00e7\u00f5es de Jo\u00e3o Pessoa (PB). <\/p>\n","protected":false},"author":1,"featured_media":6237,"comment_status":"closed","ping_status":"closed","sticky":false,"template":"","format":"standard","meta":{"om_disable_all_campaigns":false,"_uag_custom_page_level_css":"","_monsterinsights_skip_tracking":false,"_monsterinsights_sitenote_active":false,"_monsterinsights_sitenote_note":"","_monsterinsights_sitenote_category":0,"site-sidebar-layout":"default","site-content-layout":"plain-container","ast-site-content-layout":"normal-width-container","site-content-style":"unboxed","site-sidebar-style":"unboxed","ast-global-header-display":"","ast-banner-title-visibility":"","ast-main-header-display":"","ast-hfb-above-header-display":"","ast-hfb-below-header-display":"","ast-hfb-mobile-header-display":"","site-post-title":"disabled","ast-breadcrumbs-content":"","ast-featured-img":"disabled","footer-sml-layout":"","ast-disable-related-posts":"","theme-transparent-header-meta":"default","adv-header-id-meta":"","stick-header-meta":"","header-above-stick-meta":"","header-main-stick-meta":"","header-below-stick-meta":"","astra-migrate-meta-layouts":"set","ast-page-background-enabled":"default","ast-page-background-meta":{"desktop":{"background-color":"","background-image":"","background-repeat":"repeat","background-position":"center center","background-size":"auto","background-attachment":"scroll","background-type":"","background-media":"","overlay-type":"","overlay-color":"","overlay-opacity":"","overlay-gradient":""},"tablet":{"background-color":"","background-image":"","background-repeat":"repeat","background-position":"center center","background-size":"auto","background-attachment":"scroll","background-type":"","background-media":"","overlay-type":"","overlay-color":"","overlay-opacity":"","overlay-gradient":""},"mobile":{"background-color":"","background-image":"","background-repeat":"repeat","background-position":"center center","background-size":"auto","background-attachment":"scroll","background-type":"","background-media":"","overlay-type":"","overlay-color":"","overlay-opacity":"","overlay-gradient":""}},"ast-content-background-meta":{"desktop":{"background-color":"var(--ast-global-color-5)","background-image":"","background-repeat":"repeat","background-position":"center center","background-size":"auto","background-attachment":"scroll","background-type":"","background-media":"","overlay-type":"","overlay-color":"","overlay-opacity":"","overlay-gradient":""},"tablet":{"background-color":"var(--ast-global-color-5)","background-image":"","background-repeat":"repeat","background-position":"center center","background-size":"auto","background-attachment":"scroll","background-type":"","background-media":"","overlay-type":"","overlay-color":"","overlay-opacity":"","overlay-gradient":""},"mobile":{"background-color":"var(--ast-global-color-5)","background-image":"","background-repeat":"repeat","background-position":"center center","background-size":"auto","background-attachment":"scroll","background-type":"","background-media":"","overlay-type":"","overlay-color":"","overlay-opacity":"","overlay-gradient":""}},"footnotes":""},"categories":[6],"tags":[464],"class_list":["post-6236","post","type-post","status-publish","format-standard","has-post-thumbnail","hentry","category-ultimas-noticias","tag-ultimas-noticias-no-41-14-10-2024"],"aioseo_notices":[],"gutentor_comment":0,"uagb_featured_image_src":{"full":["https:\/\/sinicesp.org.br\/wp-content\/uploads\/2024\/10\/ultimas-2024-41-destaque.jpg",250,167,false],"thumbnail":["https:\/\/sinicesp.org.br\/wp-content\/uploads\/2024\/10\/ultimas-2024-41-destaque-150x150.jpg",150,150,true],"medium":["https:\/\/sinicesp.org.br\/wp-content\/uploads\/2024\/10\/ultimas-2024-41-destaque.jpg",250,167,false],"medium_large":["https:\/\/sinicesp.org.br\/wp-content\/uploads\/2024\/10\/ultimas-2024-41-destaque.jpg",250,167,false],"large":["https:\/\/sinicesp.org.br\/wp-content\/uploads\/2024\/10\/ultimas-2024-41-destaque.jpg",250,167,false],"1536x1536":["https:\/\/sinicesp.org.br\/wp-content\/uploads\/2024\/10\/ultimas-2024-41-destaque.jpg",250,167,false],"2048x2048":["https:\/\/sinicesp.org.br\/wp-content\/uploads\/2024\/10\/ultimas-2024-41-destaque.jpg",250,167,false]},"uagb_author_info":{"display_name":"Rodrigo","author_link":"https:\/\/sinicesp.org.br\/index.php\/author\/sinicesp\/"},"uagb_comment_info":0,"uagb_excerpt":"O 38\u00ba Congresso Brasileiro de Direito Administrativo (CBDA) foi realizado entre os dias 08 e 10 de outubro, no Centro de Conven\u00e7\u00f5es de Jo\u00e3o Pessoa (PB).","_links":{"self":[{"href":"https:\/\/sinicesp.org.br\/index.php\/wp-json\/wp\/v2\/posts\/6236","targetHints":{"allow":["GET"]}}],"collection":[{"href":"https:\/\/sinicesp.org.br\/index.php\/wp-json\/wp\/v2\/posts"}],"about":[{"href":"https:\/\/sinicesp.org.br\/index.php\/wp-json\/wp\/v2\/types\/post"}],"author":[{"embeddable":true,"href":"https:\/\/sinicesp.org.br\/index.php\/wp-json\/wp\/v2\/users\/1"}],"replies":[{"embeddable":true,"href":"https:\/\/sinicesp.org.br\/index.php\/wp-json\/wp\/v2\/comments?post=6236"}],"version-history":[{"count":0,"href":"https:\/\/sinicesp.org.br\/index.php\/wp-json\/wp\/v2\/posts\/6236\/revisions"}],"wp:featuredmedia":[{"embeddable":true,"href":"https:\/\/sinicesp.org.br\/index.php\/wp-json\/wp\/v2\/media\/6237"}],"wp:attachment":[{"href":"https:\/\/sinicesp.org.br\/index.php\/wp-json\/wp\/v2\/media?parent=6236"}],"wp:term":[{"taxonomy":"category","embeddable":true,"href":"https:\/\/sinicesp.org.br\/index.php\/wp-json\/wp\/v2\/categories?post=6236"},{"taxonomy":"post_tag","embeddable":true,"href":"https:\/\/sinicesp.org.br\/index.php\/wp-json\/wp\/v2\/tags?post=6236"}],"curies":[{"name":"wp","href":"https:\/\/api.w.org\/{rel}","templated":true}]}}