{"id":6724,"date":"2025-02-21T13:53:48","date_gmt":"2025-02-21T16:53:48","guid":{"rendered":"https:\/\/sinicesp.org.br\/?p=6724"},"modified":"2025-02-21T13:55:13","modified_gmt":"2025-02-21T16:55:13","slug":"empresas-que-ignoram-o-esg-podem-estar-com-os-dias-contados","status":"publish","type":"post","link":"https:\/\/sinicesp.org.br\/index.php\/2025\/02\/21\/empresas-que-ignoram-o-esg-podem-estar-com-os-dias-contados\/","title":{"rendered":"Empresas que ignoram o ESG podem estar com os dias contados"},"content":{"rendered":"\n<section class=\"wp-block-uagb-section uagb-section__wrap uagb-section__background-undefined alignfull uagb-block-2f08c80a\"><div class=\"uagb-section__overlay\"><\/div><div class=\"uagb-section__inner-wrap\"><\/div><\/section>\n\n\n\n<section class=\"wp-block-uagb-section uagb-section__wrap uagb-section__background-color uagb-block-fb12de67\"><div class=\"uagb-section__overlay\"><\/div><div class=\"uagb-section__inner-wrap\">\n<div style=\"height:10px\" aria-hidden=\"true\" class=\"wp-block-spacer\"><\/div>\n\n\n\n<div class=\"wp-block-uagb-advanced-heading uagb-block-65b745e7\"><h3 class=\"uagb-heading-text\"><br><strong>21\/02\/2025 <\/strong><\/h3><div class=\"uagb-separator\"><\/div><\/div>\n<\/div><\/section>\n\n\n\n<section class=\"wp-block-uagb-section uagb-section__wrap uagb-section__background-color uagb-block-45caa5c2\"><div class=\"uagb-section__overlay\"><\/div><div class=\"uagb-section__inner-wrap\">\n<h2 class=\"wp-block-heading has-text-align-left has-text-color\" id=\"organizacoes-se-aliam-para-divulgar-normas-padronizadas-em-esg-e-sustentabilidade\" style=\"color:#0767b1\"><strong><strong><strong><strong><strong><strong><strong>Empresas que ignoram o ESG podem estar com os dias contados<\/strong><\/strong><\/strong><\/strong><\/strong><\/strong><\/strong><\/h2>\n\n\n\n<div style=\"height:20px\" aria-hidden=\"true\" class=\"wp-block-spacer\"><\/div>\n\n\n\n<div id=\"section-g-1iyjcyy\" class=\"wp-block-gutentor-e0 section-g-1iyjcyy gutentor-element gutentor-element-advanced-text text-align-justify-desktop\"><div class=\"gutentor-text-wrap\"><p class=\"gutentor-text\">O conceito&nbsp;<strong>ESG<\/strong>, que representa&nbsp;<strong>Environmental, Social, and Governance<\/strong>, tornou-se uma pedra angular para avaliar a responsabilidade empresarial. Introduzido em 2004, o ESG visa integrar preocupa\u00e7\u00f5es ambientais, sociais e de governan\u00e7a nos processos de decis\u00e3o das empresas. Com a crescente demanda por pr\u00e1ticas empresariais mais conscientes, o ESG agora \u00e9 essencial n\u00e3o apenas para a sustentabilidade, mas tamb\u00e9m para a competitividade no mercado.<br><br>Empresas que adotam o ESG demonstram um compromisso com um modelo de neg\u00f3cios \u00e9tico e s\u00e3o vistas como mais preparadas para enfrentar desafios globais, como mudan\u00e7as clim\u00e1ticas e demandas sociais. Segundo o&nbsp;<a href=\"https:\/\/bmcnews.com.br\/2025\/01\/28\/descubra-como-o-esg-esta-transformando-empresas-e-moldando-o-futuro-dos-negocios\/\" target=\"_blank\" rel=\"noreferrer noopener\"><strong>BM&amp;C News<\/strong><\/a>, esta abordagem n\u00e3o apenas melhora a imagem corporativa, mas tamb\u00e9m fortalece a confian\u00e7a dos investidores e clientes.<br><br><strong>Benef\u00edcios do ESG para as corpora\u00e7\u00f5es<\/strong><br><br>Incorporar pr\u00e1ticas de ESG traz diversos benef\u00edcios tang\u00edveis para as empresas. No aspecto ambiental, isso significa implementar solu\u00e7\u00f5es para reduzir desperd\u00edcio e emiss\u00f5es, o que frequentemente resulta em economia. No campo social, as empresas que investem em bem-estar dos funcion\u00e1rios e na responsabilidade social desfrutam de uma for\u00e7a de trabalho mais motivada e produtiva.<br><br>Em termos de governan\u00e7a, adotar pr\u00e1ticas transparentes e respons\u00e1veis ajuda a mitigar riscos e estabelece um ambiente de confian\u00e7a e lealdade entre os stakeholders. Essas iniciativas tornam as&nbsp;<a href=\"https:\/\/istoe.com.br\/istoegeral\/?p=39023\" target=\"_blank\" rel=\"noreferrer noopener\">empresas<\/a>&nbsp;mais atraentes para investidores que buscam seguran\u00e7a e sustentabilidade a longo prazo.<br><br><strong>Por que o ESG chama a aten\u00e7\u00e3o dos investidores?<\/strong><br><br>Os investidores est\u00e3o cada vez mais voltados para empresas que incorporam os princ\u00edpios de ESG. Isso ocorre porque tais organiza\u00e7\u00f5es s\u00e3o frequentemente vistas como mais resilientes e bem equipadas para navegar em mudan\u00e7as regulat\u00f3rias e sociais. Estudos indicam que incorporar ESG pode levar a uma performance financeira mais est\u00e1vel e um risco menor de exposi\u00e7\u00e3o a esc\u00e2ndalos ou pr\u00e1ticas inadequadas.<br><br>Al\u00e9m disso, a press\u00e3o p\u00fablica e o aumento da conscientiza\u00e7\u00e3o sobre crises ambientais e desigualdades sociais t\u00eam influenciado o comportamento de investimento. Os investidores reconhecem que, ao escolher empresas que priorizam o ESG, eles est\u00e3o promovendo um futuro mais sustent\u00e1vel e \u00e9tico.<br>&nbsp;<br><strong>Como estabelecer uma estrat\u00e9gia de ESG eficiente?<\/strong><br><br>Implementar uma estrat\u00e9gia eficaz requer uma an\u00e1lise detalhada dos impactos ambientais, sociais e de governan\u00e7a pertinentes \u00e0 \u00e1rea de atua\u00e7\u00e3o da&nbsp;<a href=\"https:\/\/istoe.com.br\/istoegeral\/?p=39023\" target=\"_blank\" rel=\"noreferrer noopener\">empresa<\/a>. Inicialmente, \u00e9 necess\u00e1rio identificar e priorizar as iniciativas que melhor alinham com o perfil e os objetivos da organiza\u00e7\u00e3o. \u00c9 crucial definir metas claras e mensur\u00e1veis e integrar essas pr\u00e1ticas no dia a dia corporativo.<br><br>Transpar\u00eancia em comunicar os avan\u00e7os de ESG tamb\u00e9m \u00e9 fundamental. Relat\u00f3rios regulares e detalhados podem fortalecer a rela\u00e7\u00e3o com investidores e consumidores, demonstrando um compromisso cont\u00ednuo com a melhoria das pr\u00e1ticas sustent\u00e1veis e \u00e9ticas.<br><br><strong>Enfrentando os obst\u00e1culos do ESG<\/strong><br><br>A transi\u00e7\u00e3o para pr\u00e1ticas de ESG pode ser desafiadora para as empresas. Um dos maiores desafios \u00e9 mensurar de forma concreta os resultados das iniciativas de sustentabilidade. Desenvolver m\u00e9tricas adequadas \u00e9 essencial para alcan\u00e7ar uma verdadeira compreens\u00e3o dos impactos e ajustes necess\u00e1rios. Al\u00e9m disso, mudar a cultura organizacional para abra\u00e7ar inova\u00e7\u00f5es e pr\u00e1ticas sustent\u00e1veis pode enfrentar resist\u00eancias internas.<br>No entanto, enfrentando e superando esses desafios, as empresas n\u00e3o apenas se colocam \u00e0 frente em termos de responsabilidade ambiental e social, mas tamb\u00e9m se posicionam para um futuro de maior seguran\u00e7a econ\u00f4mica e social, assegurando um verdadeiro legado de sustentabilidade e responsabilidade.<br>&nbsp;<br><strong>Fonte:<\/strong> Site Isto\u00e9<\/p><\/div><\/div>\n\n\n\n<div class=\"wp-block-uagb-image aligncenter uagb-block-cf8baea7 wp-block-uagb-image--layout-default wp-block-uagb-image--effect-static wp-block-uagb-image--align-center\"><figure class=\"wp-block-uagb-image__figure\"><img decoding=\"async\" srcset=\"https:\/\/sinicesp.org.br\/wp-content\/uploads\/2025\/02\/2025-empresas-que-ignoram-interna.jpg ,https:\/\/sinicesp.org.br\/wp-content\/uploads\/2025\/02\/2025-empresas-que-ignoram-interna.jpg 780w, https:\/\/sinicesp.org.br\/wp-content\/uploads\/2025\/02\/2025-empresas-que-ignoram-interna.jpg 360w\" sizes=\"auto, (max-width: 480px) 150px\" src=\"https:\/\/sinicesp.org.br\/wp-content\/uploads\/2025\/02\/2025-empresas-que-ignoram-interna.jpg\" alt=\"\" class=\"uag-image-6725\" width=\"900\" height=\"510\" title=\"2025-empresas-que-ignoram-interna\" loading=\"lazy\" role=\"img\"\/><\/figure><\/div>\n\n\n\n<div style=\"height:40px\" aria-hidden=\"true\" class=\"wp-block-spacer\"><\/div>\n\n\n\n<div id=\"section-g655818\" class=\"wp-block-gutentor-e6 section-g655818 gutentor-element gutentor-element-image text-align-center-desktop\"><div class=\"gutentor-element-image-box\"><a class=\"gutentor-element-image-link\" href=\"window.print()\"><div class=\"gutentor-image-thumb\"><img decoding=\"async\" class=\"normal-image\" src=\"https:\/\/sinicesp.org.br\/wp-content\/uploads\/2022\/01\/impressora.png\" \/><\/div><\/a><\/div><\/div>\n<\/div><\/section>\n","protected":false},"excerpt":{"rendered":"<p>O conceito\u00a0ESG, que representa\u00a0Environmental, Social, and Governance, tornou-se uma pedra angular para avaliar a responsabilidade empresarial.<\/p>\n","protected":false},"author":1,"featured_media":6726,"comment_status":"closed","ping_status":"closed","sticky":false,"template":"","format":"standard","meta":{"om_disable_all_campaigns":false,"_uag_custom_page_level_css":"","_monsterinsights_skip_tracking":false,"_monsterinsights_sitenote_active":false,"_monsterinsights_sitenote_note":"","_monsterinsights_sitenote_category":0,"site-sidebar-layout":"default","site-content-layout":"plain-container","ast-site-content-layout":"normal-width-container","site-content-style":"unboxed","site-sidebar-style":"unboxed","ast-global-header-display":"","ast-banner-title-visibility":"","ast-main-header-display":"","ast-hfb-above-header-display":"","ast-hfb-below-header-display":"","ast-hfb-mobile-header-display":"","site-post-title":"disabled","ast-breadcrumbs-content":"","ast-featured-img":"disabled","footer-sml-layout":"","ast-disable-related-posts":"","theme-transparent-header-meta":"default","adv-header-id-meta":"","stick-header-meta":"","header-above-stick-meta":"","header-main-stick-meta":"","header-below-stick-meta":"","astra-migrate-meta-layouts":"set","ast-page-background-enabled":"default","ast-page-background-meta":{"desktop":{"background-color":"","background-image":"","background-repeat":"repeat","background-position":"center center","background-size":"auto","background-attachment":"scroll","background-type":"","background-media":"","overlay-type":"","overlay-color":"","overlay-opacity":"","overlay-gradient":""},"tablet":{"background-color":"","background-image":"","background-repeat":"repeat","background-position":"center center","background-size":"auto","background-attachment":"scroll","background-type":"","background-media":"","overlay-type":"","overlay-color":"","overlay-opacity":"","overlay-gradient":""},"mobile":{"background-color":"","background-image":"","background-repeat":"repeat","background-position":"center center","background-size":"auto","background-attachment":"scroll","background-type":"","background-media":"","overlay-type":"","overlay-color":"","overlay-opacity":"","overlay-gradient":""}},"ast-content-background-meta":{"desktop":{"background-color":"var(--ast-global-color-5)","background-image":"","background-repeat":"repeat","background-position":"center center","background-size":"auto","background-attachment":"scroll","background-type":"","background-media":"","overlay-type":"","overlay-color":"","overlay-opacity":"","overlay-gradient":""},"tablet":{"background-color":"var(--ast-global-color-5)","background-image":"","background-repeat":"repeat","background-position":"center center","background-size":"auto","background-attachment":"scroll","background-type":"","background-media":"","overlay-type":"","overlay-color":"","overlay-opacity":"","overlay-gradient":""},"mobile":{"background-color":"var(--ast-global-color-5)","background-image":"","background-repeat":"repeat","background-position":"center center","background-size":"auto","background-attachment":"scroll","background-type":"","background-media":"","overlay-type":"","overlay-color":"","overlay-opacity":"","overlay-gradient":""}},"footnotes":""},"categories":[132],"tags":[15],"class_list":["post-6724","post","type-post","status-publish","format-standard","has-post-thumbnail","hentry","category-responsabilidade-social","tag-noticia"],"aioseo_notices":[],"gutentor_comment":0,"uagb_featured_image_src":{"full":["https:\/\/sinicesp.org.br\/wp-content\/uploads\/2025\/02\/2025-empresas-que-ignoram.jpg",250,167,false],"thumbnail":["https:\/\/sinicesp.org.br\/wp-content\/uploads\/2025\/02\/2025-empresas-que-ignoram-150x150.jpg",150,150,true],"medium":["https:\/\/sinicesp.org.br\/wp-content\/uploads\/2025\/02\/2025-empresas-que-ignoram.jpg",250,167,false],"medium_large":["https:\/\/sinicesp.org.br\/wp-content\/uploads\/2025\/02\/2025-empresas-que-ignoram.jpg",250,167,false],"large":["https:\/\/sinicesp.org.br\/wp-content\/uploads\/2025\/02\/2025-empresas-que-ignoram.jpg",250,167,false],"1536x1536":["https:\/\/sinicesp.org.br\/wp-content\/uploads\/2025\/02\/2025-empresas-que-ignoram.jpg",250,167,false],"2048x2048":["https:\/\/sinicesp.org.br\/wp-content\/uploads\/2025\/02\/2025-empresas-que-ignoram.jpg",250,167,false]},"uagb_author_info":{"display_name":"Rodrigo","author_link":"https:\/\/sinicesp.org.br\/index.php\/author\/sinicesp\/"},"uagb_comment_info":0,"uagb_excerpt":"O conceito\u00a0ESG, que representa\u00a0Environmental, Social, and Governance, tornou-se uma pedra angular para avaliar a responsabilidade empresarial.","_links":{"self":[{"href":"https:\/\/sinicesp.org.br\/index.php\/wp-json\/wp\/v2\/posts\/6724","targetHints":{"allow":["GET"]}}],"collection":[{"href":"https:\/\/sinicesp.org.br\/index.php\/wp-json\/wp\/v2\/posts"}],"about":[{"href":"https:\/\/sinicesp.org.br\/index.php\/wp-json\/wp\/v2\/types\/post"}],"author":[{"embeddable":true,"href":"https:\/\/sinicesp.org.br\/index.php\/wp-json\/wp\/v2\/users\/1"}],"replies":[{"embeddable":true,"href":"https:\/\/sinicesp.org.br\/index.php\/wp-json\/wp\/v2\/comments?post=6724"}],"version-history":[{"count":0,"href":"https:\/\/sinicesp.org.br\/index.php\/wp-json\/wp\/v2\/posts\/6724\/revisions"}],"wp:featuredmedia":[{"embeddable":true,"href":"https:\/\/sinicesp.org.br\/index.php\/wp-json\/wp\/v2\/media\/6726"}],"wp:attachment":[{"href":"https:\/\/sinicesp.org.br\/index.php\/wp-json\/wp\/v2\/media?parent=6724"}],"wp:term":[{"taxonomy":"category","embeddable":true,"href":"https:\/\/sinicesp.org.br\/index.php\/wp-json\/wp\/v2\/categories?post=6724"},{"taxonomy":"post_tag","embeddable":true,"href":"https:\/\/sinicesp.org.br\/index.php\/wp-json\/wp\/v2\/tags?post=6724"}],"curies":[{"name":"wp","href":"https:\/\/api.w.org\/{rel}","templated":true}]}}