{"id":6916,"date":"2025-04-14T12:49:51","date_gmt":"2025-04-14T15:49:51","guid":{"rendered":"https:\/\/sinicesp.org.br\/?p=6916"},"modified":"2025-04-14T12:58:52","modified_gmt":"2025-04-14T15:58:52","slug":"brasil-reforca-compromisso-global-na-cupula-sobre-deficiencia-e-adere-a-declaracao-de-berlim","status":"publish","type":"post","link":"https:\/\/sinicesp.org.br\/index.php\/2025\/04\/14\/brasil-reforca-compromisso-global-na-cupula-sobre-deficiencia-e-adere-a-declaracao-de-berlim\/","title":{"rendered":"Brasil refor\u00e7a compromisso global na C\u00fapula sobre Defici\u00eancia e adere \u00e0 Declara\u00e7\u00e3o de Berlim"},"content":{"rendered":"\n<section class=\"wp-block-uagb-section uagb-section__wrap uagb-section__background-color uagb-block-0fb1b19a\"><div class=\"uagb-section__overlay\"><\/div><div class=\"uagb-section__inner-wrap\">\n<div style=\"height:10px\" aria-hidden=\"true\" class=\"wp-block-spacer\"><\/div>\n\n\n\n<div class=\"wp-block-uagb-advanced-heading uagb-block-feb22a87\"><h3 class=\"uagb-heading-text\"><br><strong>Inclus\u00e3o profissional n\u00ba 04 (14\/04\/2025) <\/strong><\/h3><div class=\"uagb-separator\"><\/div><\/div>\n<\/div><\/section>\n\n\n\n<section class=\"wp-block-uagb-section uagb-section__wrap uagb-section__background-color uagb-block-08ad0879\"><div class=\"uagb-section__overlay\"><\/div><div class=\"uagb-section__inner-wrap\">\n<div id=\"section-g-bm8sxlb\" class=\"wp-block-gutentor-e0 section-g-bm8sxlb gutentor-element gutentor-element-advanced-text text-align-justify-desktop\"><div class=\"gutentor-text-wrap\"><h2 class=\"gutentor-text\"><strong><strong><strong><strong><strong><strong><strong><strong><strong>Brasil refor\u00e7a compromisso global na C\u00fapula sobre Defici\u00eancia e adere \u00e0 Declara\u00e7\u00e3o de Berlim<\/strong><\/strong><\/strong><\/strong><\/strong><\/strong><\/strong><\/strong><\/strong><\/h2><\/div><\/div>\n\n\n\n<div style=\"height:15px\" aria-hidden=\"true\" class=\"wp-block-spacer\"><\/div>\n\n\n\n<div id=\"section-g-xl42l3l\" class=\"wp-block-gutentor-e0 section-g-xl42l3l gutentor-element gutentor-element-advanced-text text-align-justify-desktop\"><div class=\"gutentor-text-wrap\"><p class=\"gutentor-text\">A participa\u00e7\u00e3o do Brasil na terceira edi\u00e7\u00e3o da C\u00fapula Global sobre Defici\u00eancia (GDS), encerrada nessa quinta-feira (3\/4) em Berlim, na Alemanha, refor\u00e7ou o compromisso do pa\u00eds com a inclus\u00e3o e acessibilidade das pessoas com defici\u00eancia. Durante o evento, a delega\u00e7\u00e3o brasileira apresentou o Plano Nacional dos Direitos da Pessoa com Defici\u00eancia \u2013 Novo Viver sem Limite, e assinou a Declara\u00e7\u00e3o de Berlim, compromisso internacional que destaca a necessidade de fortalecer a coopera\u00e7\u00e3o internacional e garantir que pol\u00edticas de desenvolvimento e ajuda humanit\u00e1ria sejam acess\u00edveis e inclusivas.<br><br>Liderada pela secret\u00e1ria Nacional dos Direitos das Pessoas com Defici\u00eancia do Minist\u00e9rio dos Direitos Humanos e da Cidadania (SNDPD\/MDHC), Anna Paula Feminella, a delega\u00e7\u00e3o brasileira ainda destacou a import\u00e2ncia do protagonismo do pa\u00eds na promo\u00e7\u00e3o da inclus\u00e3o e na defesa dos direitos das pessoas com defici\u00eancia, compartilhando, tamb\u00e9m, a campanha de combate ao capacitismo desenvolvida pela Fiocruz e o projeto Eu Me Protejo, voltado para a educa\u00e7\u00e3o inclusiva e a preven\u00e7\u00e3o da viol\u00eancia, al\u00e9m de um projeto do Centro de Refer\u00eancia SESC-SENAC de atendimento especializado e capacita\u00e7\u00e3o de professores com o objetivo de fortalecer a inclus\u00e3o educacional e social.<br><br>\u201cNos \u00faltimos anos, temos demonstrado lideran\u00e7a neste sentido. Em dezembro do ano passado, sediamos a C\u00fapula Regional sobre Defici\u00eancia da Am\u00e9rica Latina e do Caribe. Agora, finalizamos a c\u00fapula mundial com uma s\u00e9rie de articula\u00e7\u00f5es pol\u00edticas, a apresenta\u00e7\u00e3o do Novo Viver sem Limite e a reafirma\u00e7\u00e3o do nosso compromisso com a agenda global da inclus\u00e3o e acessibilidade\u201d, destacou a secret\u00e1ria.<br><br>O Novo Viver sem Limite re\u00fane uma s\u00e9rie de iniciativas voltadas para promo\u00e7\u00e3o dos direitos econ\u00f4micos, sociais, culturais e ambientais das pessoas com defici\u00eancia, participa\u00e7\u00e3o social, tecnologia assistiva e enfrentamento ao capacitismo.<br><br><strong>Declara\u00e7\u00e3o de Berlim<\/strong><br>O documento assinado pelo Brasil e cerca de outros 90 pa\u00edses apresenta a meta de que 15% dos or\u00e7amentos dos programas de desenvolvimento internacional tenham foco nas pessoas com defici\u00eancia, que representam 15% da popula\u00e7\u00e3o mundial, at\u00e9 2028. A Declara\u00e7\u00e3o de Berlim tamb\u00e9m enfatiza a import\u00e2ncia da participa\u00e7\u00e3o ativa das Organiza\u00e7\u00f5es de Pessoas com Defici\u00eancia (OPD) na formula\u00e7\u00e3o e implementa\u00e7\u00e3o de pol\u00edticas, al\u00e9m da necessidade de combater m\u00faltiplas formas de discrimina\u00e7\u00e3o, especialmente contra mulheres e crian\u00e7as com defici\u00eancia.<br><br>O material tamb\u00e9m destaca a import\u00e2ncia de melhorar a coleta e an\u00e1lise de dados sobre a inclus\u00e3o da defici\u00eancia para subsidiar a constru\u00e7\u00e3o de pol\u00edticas p\u00fablicas. Os pa\u00edses signat\u00e1rios se comprometem com a implementa\u00e7\u00e3o cont\u00ednua dos direitos das pessoas com defici\u00eancia no cen\u00e1rio global, garantindo que a inclus\u00e3o seja uma realidade para al\u00e9m da Agenda 2030.<br><br><br><strong>Lideran\u00e7as internacionais<\/strong><br><br>Durante o evento, a secret\u00e1ria-geral adjunta da ONU, Amina J. Mohammed, afirmou que a sociedade se fortalece com a participa\u00e7\u00e3o plena de pessoas com defici\u00eancia na sociedade. \u201cQuando desbloqueamos o potencial e reconhecemos talentos, as economias e as comunidades prosperam. Quando avan\u00e7amos nos direitos humanos, toda a humanidade avan\u00e7a\u201d, disse.<br><br>Por sua vez, o presidente da Alian\u00e7a Internacional sobre Defici\u00eancia (IDA), Nawaf Kabbara, alertou sobre os desafios enfrentados pelas pol\u00edticas inclusivas diante de cortes or\u00e7ament\u00e1rios. \u201cOs or\u00e7amentos est\u00e3o encolhendo, a ret\u00f3rica anti-inclus\u00e3o est\u00e1 crescendo e, mais uma vez, a vida das pessoas com defici\u00eancia corre o risco de deixar de ser prioridade\u201d, afirmou.<br><br>O Rei Abdullah, da Jord\u00e2nia, chamou a aten\u00e7\u00e3o para os riscos enfrentados pelas pessoas com defici\u00eancia em zonas de guerra. \u201cO trabalho pela paz, e paz com justi\u00e7a, continua vital. A situa\u00e7\u00e3o em Gaza \u00e9 um exemplo doloroso. As instala\u00e7\u00f5es m\u00e9dicas em Gaza, por exemplo, foram destru\u00eddas\u201d, disse ele. O presidente da Alemanha, Olaf Scholz concluiu, dizendo: \u201cS\u00e3o as vozes das pessoas com defici\u00eancia, suas experi\u00eancias e suas aspira\u00e7\u00f5es que devem guiar nossas delibera\u00e7\u00f5es e decis\u00f5es aqui em Berlim\u201d.<br><br><strong>Articula\u00e7\u00f5es<\/strong><br><br>A delega\u00e7\u00e3o brasileira realizou reuni\u00f5es estrat\u00e9gicas com representantes do Nepal e da Tail\u00e2ndia, intermediadas pela ONG Vidas Negras com Defici\u00eancia Importam. A secret\u00e1ria Anna Paula Feminella tamb\u00e9m se reuniu com o presidente do F\u00f3rum Europeu da Defici\u00eancia (EDF), Yannis Vardakastanis. A reuni\u00e3o contou com a presen\u00e7a da diretora do Centro de Refer\u00eancia em Educa\u00e7\u00e3o Inclusiva (CREI) SESC-SENAC, Maria Antonia Goulart, da representante da Embaixada do Brasil na Alemanha, Graziela Streit, e do servidor do MDHC Geraldo Horta Alvarenga.<br><br>\u201cNas reuni\u00f5es, o Brasil compartilhou diversas experi\u00eancias bem-sucedidas em educa\u00e7\u00e3o inclusiva e destacou iniciativas voltadas para a ado\u00e7\u00e3o da Linguagem Simples como um recurso importante de acessibilidade. Ao longo do evento, tamb\u00e9m abordamos os impactos dos desastres clim\u00e1ticos. Dados apresentados no evento refor\u00e7am a urg\u00eancia dessas quest\u00f5es, revelando que 50% da popula\u00e7\u00e3o global de pessoas com defici\u00eancia vive em \u00e1reas urbanas, a maioria das quais ainda n\u00e3o est\u00e1 preparada para oferecer uma resposta inclusiva a situa\u00e7\u00f5es de emerg\u00eancia\u201d, afirmou Anna Paula Feminella.<br><br>Houve, ainda, uma reuni\u00e3o da delega\u00e7\u00e3o brasileira com conselheiros da Federa\u00e7\u00e3o do Com\u00e9rcio do Rio de Janeiro, representada pelo presidente Ant\u00f4nio Flor\u00eancio. O Brasil tamb\u00e9m contou com um estande no setor de tecnologia, onde foram apresentados projetos nas \u00e1reas de tecnologia assistiva e inova\u00e7\u00f5es voltadas \u00e0 acessibilidade digital e inclus\u00e3o.<br><br><strong>Compromissos<\/strong><br><br>A terceira C\u00fapula Global sobre Defici\u00eancia (GDS) reuniu mais de 4 mil participantes de todos os continentes, incluindo representantes globais, regionais e nacionais, com o objetivo de discutir a inclus\u00e3o de pessoas com defici\u00eancia e promover a implementa\u00e7\u00e3o mundial da Conven\u00e7\u00e3o das Na\u00e7\u00f5es Unidas sobre os Direitos das Pessoas com Defici\u00eancia.<br><br>A c\u00fapula foi criada em 2017 para se tornar uma plataforma para impulsionar o desenvolvimento inclusivo e a\u00e7\u00f5es humanit\u00e1rias para pessoas com defici\u00eancia, especialmente em pa\u00edses em desenvolvimento. Durante os dois dias de evento, os governos e organiza\u00e7\u00f5es participantes foram chamados a assumir compromissos concretos, desde pequenas iniciativas at\u00e9 mudan\u00e7as sist\u00eamicas para fortalecer a inclus\u00e3o em n\u00edvel global.<a href=\"https:\/\/www.gov.br\/mdh\/pt-br\/assuntos\/noticias\/2025\/abril\/brasil-reforca-compromisso-global-na-cupula-sobre-deficiencia-e-adere-a-declaracao-de-berlim\" target=\"_blank\" rel=\"noreferrer noopener\">Link: <\/a><strong><a href=\"https:\/\/www.gov.br\/mdh\/pt-br\/assuntos\/noticias\/2025\/abril\/brasil-reforca-compromisso-global-na-cupula-sobre-deficiencia-e-adere-a-declaracao-de-berlim\" target=\"_blank\" rel=\"noreferrer noopener\">https:\/\/www.gov.br\/mdh\/pt-br\/assuntos\/noticias\/2025\/abril\/brasil-reforca-compromisso-global-na-cupula-sobre-deficiencia-e-adere-a-declaracao-de-berlim<\/a>.<\/strong><br>\u00a0<br><strong>Fonte: C\u00e2mara Paulista Para Inclus\u00e3o da Pessoa Com Defici\u00eancia<\/strong><\/p><\/div><\/div>\n\n\n\n<div style=\"height:70px\" aria-hidden=\"true\" class=\"wp-block-spacer\"><\/div>\n\n\n\n<div id=\"section-g87ba7b\" class=\"wp-block-gutentor-e6 section-g87ba7b gutentor-element gutentor-element-image text-align-center-desktop\"><div class=\"gutentor-element-image-box\"><a class=\"gutentor-element-image-link\" href=\"window.print()\"><div class=\"gutentor-image-thumb\"><img decoding=\"async\" class=\"normal-image\" src=\"https:\/\/sinicesp.org.br\/wp-content\/uploads\/2022\/01\/impressora.png\" \/><\/div><\/a><\/div><\/div>\n<\/div><\/section>\n","protected":false},"excerpt":{"rendered":"<p>Documento estabelece meta de inclus\u00e3o de 15% nos projetos de desenvolvimento global voltados para as pessoas com defici\u00eancia; durante dois dias de programa\u00e7\u00e3o, pa\u00eds apresentou avan\u00e7os com o Novo Viver sem Limite<\/p>\n","protected":false},"author":1,"featured_media":0,"comment_status":"closed","ping_status":"closed","sticky":false,"template":"","format":"standard","meta":{"om_disable_all_campaigns":false,"_uag_custom_page_level_css":"","_monsterinsights_skip_tracking":false,"_monsterinsights_sitenote_active":false,"_monsterinsights_sitenote_note":"","_monsterinsights_sitenote_category":0,"site-sidebar-layout":"default","site-content-layout":"default","ast-site-content-layout":"default","site-content-style":"default","site-sidebar-style":"default","ast-global-header-display":"","ast-banner-title-visibility":"","ast-main-header-display":"","ast-hfb-above-header-display":"","ast-hfb-below-header-display":"","ast-hfb-mobile-header-display":"","site-post-title":"disabled","ast-breadcrumbs-content":"disabled","ast-featured-img":"disabled","footer-sml-layout":"","ast-disable-related-posts":"","theme-transparent-header-meta":"default","adv-header-id-meta":"","stick-header-meta":"","header-above-stick-meta":"","header-main-stick-meta":"","header-below-stick-meta":"","astra-migrate-meta-layouts":"set","ast-page-background-enabled":"default","ast-page-background-meta":{"desktop":{"background-color":"","background-image":"","background-repeat":"repeat","background-position":"center center","background-size":"auto","background-attachment":"scroll","background-type":"","background-media":"","overlay-type":"","overlay-color":"","overlay-opacity":"","overlay-gradient":""},"tablet":{"background-color":"","background-image":"","background-repeat":"repeat","background-position":"center center","background-size":"auto","background-attachment":"scroll","background-type":"","background-media":"","overlay-type":"","overlay-color":"","overlay-opacity":"","overlay-gradient":""},"mobile":{"background-color":"","background-image":"","background-repeat":"repeat","background-position":"center center","background-size":"auto","background-attachment":"scroll","background-type":"","background-media":"","overlay-type":"","overlay-color":"","overlay-opacity":"","overlay-gradient":""}},"ast-content-background-meta":{"desktop":{"background-color":"var(--ast-global-color-5)","background-image":"","background-repeat":"repeat","background-position":"center center","background-size":"auto","background-attachment":"scroll","background-type":"","background-media":"","overlay-type":"","overlay-color":"","overlay-opacity":"","overlay-gradient":""},"tablet":{"background-color":"var(--ast-global-color-5)","background-image":"","background-repeat":"repeat","background-position":"center center","background-size":"auto","background-attachment":"scroll","background-type":"","background-media":"","overlay-type":"","overlay-color":"","overlay-opacity":"","overlay-gradient":""},"mobile":{"background-color":"var(--ast-global-color-5)","background-image":"","background-repeat":"repeat","background-position":"center center","background-size":"auto","background-attachment":"scroll","background-type":"","background-media":"","overlay-type":"","overlay-color":"","overlay-opacity":"","overlay-gradient":""}},"footnotes":""},"categories":[12],"tags":[15],"class_list":["post-6916","post","type-post","status-publish","format-standard","hentry","category-inclusao-profissional","tag-noticia"],"aioseo_notices":[],"gutentor_comment":0,"uagb_featured_image_src":{"full":false,"thumbnail":false,"medium":false,"medium_large":false,"large":false,"1536x1536":false,"2048x2048":false},"uagb_author_info":{"display_name":"Rodrigo","author_link":"https:\/\/sinicesp.org.br\/index.php\/author\/sinicesp\/"},"uagb_comment_info":0,"uagb_excerpt":"Documento estabelece meta de inclus\u00e3o de 15% nos projetos de desenvolvimento global voltados para as pessoas com defici\u00eancia; durante dois dias de programa\u00e7\u00e3o, pa\u00eds apresentou avan\u00e7os com o Novo Viver sem Limite","_links":{"self":[{"href":"https:\/\/sinicesp.org.br\/index.php\/wp-json\/wp\/v2\/posts\/6916","targetHints":{"allow":["GET"]}}],"collection":[{"href":"https:\/\/sinicesp.org.br\/index.php\/wp-json\/wp\/v2\/posts"}],"about":[{"href":"https:\/\/sinicesp.org.br\/index.php\/wp-json\/wp\/v2\/types\/post"}],"author":[{"embeddable":true,"href":"https:\/\/sinicesp.org.br\/index.php\/wp-json\/wp\/v2\/users\/1"}],"replies":[{"embeddable":true,"href":"https:\/\/sinicesp.org.br\/index.php\/wp-json\/wp\/v2\/comments?post=6916"}],"version-history":[{"count":0,"href":"https:\/\/sinicesp.org.br\/index.php\/wp-json\/wp\/v2\/posts\/6916\/revisions"}],"wp:attachment":[{"href":"https:\/\/sinicesp.org.br\/index.php\/wp-json\/wp\/v2\/media?parent=6916"}],"wp:term":[{"taxonomy":"category","embeddable":true,"href":"https:\/\/sinicesp.org.br\/index.php\/wp-json\/wp\/v2\/categories?post=6916"},{"taxonomy":"post_tag","embeddable":true,"href":"https:\/\/sinicesp.org.br\/index.php\/wp-json\/wp\/v2\/tags?post=6916"}],"curies":[{"name":"wp","href":"https:\/\/api.w.org\/{rel}","templated":true}]}}