{"id":6967,"date":"2025-05-12T08:58:55","date_gmt":"2025-05-12T11:58:55","guid":{"rendered":"https:\/\/sinicesp.org.br\/?p=6967"},"modified":"2025-05-12T08:58:56","modified_gmt":"2025-05-12T11:58:56","slug":"comissao-apresenta-proposta-que-cria-o-codigo-brasileiro-de-inclusao-reunindo-leis-sobre-pessoas-com-deficiencia","status":"publish","type":"post","link":"https:\/\/sinicesp.org.br\/index.php\/2025\/05\/12\/comissao-apresenta-proposta-que-cria-o-codigo-brasileiro-de-inclusao-reunindo-leis-sobre-pessoas-com-deficiencia\/","title":{"rendered":"Comiss\u00e3o apresenta proposta que cria o C\u00f3digo Brasileiro de Inclus\u00e3o reunindo leis sobre pessoas com defici\u00eancia"},"content":{"rendered":"\n<section class=\"wp-block-uagb-section uagb-section__wrap uagb-section__background-color uagb-block-0fb1b19a\"><div class=\"uagb-section__overlay\"><\/div><div class=\"uagb-section__inner-wrap\">\n<div style=\"height:10px\" aria-hidden=\"true\" class=\"wp-block-spacer\"><\/div>\n\n\n\n<div class=\"wp-block-uagb-advanced-heading uagb-block-feb22a87\"><h3 class=\"uagb-heading-text\"><br><strong>Inclus\u00e3o profissional n\u00ba 05 (12\/05\/2025) <\/strong><\/h3><div class=\"uagb-separator\"><\/div><\/div>\n<\/div><\/section>\n\n\n\n<section class=\"wp-block-uagb-section uagb-section__wrap uagb-section__background-color uagb-block-08ad0879\"><div class=\"uagb-section__overlay\"><\/div><div class=\"uagb-section__inner-wrap\">\n<div id=\"section-g-bm8sxlb\" class=\"wp-block-gutentor-e0 section-g-bm8sxlb gutentor-element gutentor-element-advanced-text text-align-justify-desktop\"><div class=\"gutentor-text-wrap\"><h2 class=\"gutentor-text\"><strong><strong><strong><strong><strong><strong><strong><strong><strong>Comiss\u00e3o apresenta proposta que cria o C\u00f3digo Brasileiro de Inclus\u00e3o reunindo leis sobre pessoas com defici\u00eancia<\/strong><\/strong><\/strong><\/strong><\/strong><\/strong><\/strong><\/strong><\/strong><\/h2><\/div><\/div>\n\n\n\n<div style=\"height:15px\" aria-hidden=\"true\" class=\"wp-block-spacer\"><\/div>\n\n\n\n<div id=\"section-g-xl42l3l\" class=\"wp-block-gutentor-e0 section-g-xl42l3l gutentor-element gutentor-element-advanced-text text-align-justify-desktop\"><div class=\"gutentor-text-wrap\"><p class=\"gutentor-text\"><strong>A <em>Projeto consolida a legisla\u00e7\u00e3o sobre o tema e ser\u00e1 analisado pela C\u00e2mara dos Deputados. Movimentos sociais e institui\u00e7\u00f5es que defendem os direitos das pessoas com defici\u00eancia enviam\u00a0<a href=\"https:\/\/www.camarainclusao.com.br\/noticias\/mais-de-2-500-instituicoes-assinam-nota-de-repudio-alertando-sobre-riscos-do-pl-1584-25\/\">Nota de Rep\u00fadio<\/a>\u00a0ao PL 1584\/25 por enfraquecer as conquistas e legisla\u00e7\u00f5es vigentes.<\/em><br><\/strong>\u00a0<br>A Comiss\u00e3o de Defesa dos Direitos das Pessoas com Defici\u00eancia da C\u00e2mara dos Deputados apresentou proposta que cria o C\u00f3digo Brasileiro de Inclus\u00e3o (CBI). O c\u00f3digo vai reunir o conte\u00fado das leis relacionadas aos direitos das pessoas com defici\u00eancia.<br><br>O presidente da comiss\u00e3o, deputado Duarte Jr. (PSB-MA), explicou que, al\u00e9m das leis, o c\u00f3digo reunir\u00e1 o conte\u00fado de mais de 200 normas sobre o tema, por meio de um \u00edndice claro e l\u00f3gico, para que as pessoas possam conhecer mais sobre seus direitos.<br><br>\u201cEsta proposta vai elevar o patamar dos direitos das pessoas com defici\u00eancia e dar maior for\u00e7a jur\u00eddica para que todos compreendam que a pessoa com defici\u00eancia \u00e9 digna de ter um diagn\u00f3stico precoce, de ter acesso \u00e0 sa\u00fade e \u00e0 educa\u00e7\u00e3o de qualidade, que de fato a inclua e a prepare para o mercado de trabalho\u201d, disse o deputado.<br><br>Apresentada ao Congresso Nacional nesta semana, a proposta vai tramitar como Projeto de Lei 1584\/25. Na C\u00e2mara, o texto ser\u00e1 analisado por um grupo de trabalho e pela Comiss\u00e3o de Constitui\u00e7\u00e3o e Justi\u00e7a e de Cidadania (CCJ) e, em seguida, ser\u00e1 apreciado pelo Plen\u00e1rio.<br><br>Duarte Jr. informou que, durante a an\u00e1lise da proposta, ser\u00e3o realizadas audi\u00eancias p\u00fablicas em todas as capitais e haver\u00e1 canais para participa\u00e7\u00e3o da sociedade civil.<br><br><strong>Uni\u00e3o de esfor\u00e7os<\/strong><br><strong><br><\/strong>Os deputados Pedro Campos (PSB-PE) e Greyce Elias (Avante-MG) ressaltaram que a luta pelos direitos das pessoas com defici\u00eancia \u00e9 apartid\u00e1ria. Segundo eles, um importante passo para a inclus\u00e3o social \u00e9 reduzir a fragmenta\u00e7\u00e3o das normas e unificar as iniciativas dentro do Parlamento.<br><br>\u201cO movimento dos direitos das pessoas com defici\u00eancia avan\u00e7ou unido, sendo inclusivo, e o recado que esta comiss\u00e3o passa para toda a sociedade \u00e9 que n\u00f3s queremos seguir avan\u00e7ando juntos\u201d, afirmou Campos.<br><br>\u201cEsta consolida\u00e7\u00e3o vai dar a oportunidade de toda a fam\u00edlia at\u00edpica conhecer seus direitos e fazer com que eles sejam respeitados\u201d, frisou Greyce.<br><br><strong>Acessibilidade<\/strong><br><strong><br><\/strong>Para a senadora Damares Alves (Republicanos-DF), que preside a Comiss\u00e3o de Direitos Humanos e Legisla\u00e7\u00e3o Participativa do Senado, a iniciativa vai tornar a legisla\u00e7\u00e3o mais acess\u00edvel, uma vez que as normas, antes fragmentadas, agora estar\u00e3o compiladas em um c\u00f3digo.<br><br>\u201cConsolidar tudo isso no \u00fanico instrumento vai ajudar na busca da garantia dos direitos da pessoa com defici\u00eancia. Isso era um sonho do segmento que agora se transforma no texto inicial e, com certeza, \u00e9 uma grande entrega do Parlamento\u201d, disse.<br><br>Na mesma linha, falou a representante do Conselho Nacional dos Direitos da Pessoa com Defici\u00eancia (Conade), Mar\u00edlia Cec\u00edlia. \u201cTamb\u00e9m sou advogada e entendo essa dificuldade de voc\u00ea ir atr\u00e1s de todas as legisla\u00e7\u00f5es que envolvam os direitos da pessoa com defici\u00eancia. Essa iniciativa \u00e9 um marco hist\u00f3rico e vai facilitar muito o acesso aos direitos\u201d, refor\u00e7ou.<br><br><strong><a href=\"https:\/\/www.camara.leg.br\/noticias\/573454-SAIBA-MAIS-SOBRE-A-TRAMITACAO-DE-PROJETOS-DE-LEI\">Clique aqui e saiba mais sobre a tramita\u00e7\u00e3o de projetos de lei<\/a><\/strong><br><strong><br><\/strong>Reportagem \u2013 Emanuelle Brasil<br>Edi\u00e7\u00e3o \u2013 Pierre Triboli<br>\u00a0<br><strong>Fonte: Ag\u00eancia C\u00e2mara de Not\u00edcias<\/strong><\/p><\/div><\/div>\n\n\n\n<div style=\"height:70px\" aria-hidden=\"true\" class=\"wp-block-spacer\"><\/div>\n\n\n\n<div id=\"section-g87ba7b\" class=\"wp-block-gutentor-e6 section-g87ba7b gutentor-element gutentor-element-image text-align-center-desktop\"><div class=\"gutentor-element-image-box\"><a class=\"gutentor-element-image-link\" href=\"window.print()\"><div class=\"gutentor-image-thumb\"><img decoding=\"async\" class=\"normal-image\" src=\"https:\/\/sinicesp.org.br\/wp-content\/uploads\/2022\/01\/impressora.png\" \/><\/div><\/a><\/div><\/div>\n<\/div><\/section>\n","protected":false},"excerpt":{"rendered":"<p>Projeto consolida a legisla\u00e7\u00e3o sobre o tema e ser\u00e1 analisado pela C\u00e2mara dos Deputados. Movimentos sociais e institui\u00e7\u00f5es que defendem os direitos das pessoas com defici\u00eancia enviam Nota de Rep\u00fadio ao PL 1584\/25 por enfraquecer as conquistas e legisla\u00e7\u00f5es vigentes.<\/p>\n","protected":false},"author":1,"featured_media":0,"comment_status":"closed","ping_status":"closed","sticky":false,"template":"","format":"standard","meta":{"om_disable_all_campaigns":false,"_uag_custom_page_level_css":"","_monsterinsights_skip_tracking":false,"_monsterinsights_sitenote_active":false,"_monsterinsights_sitenote_note":"","_monsterinsights_sitenote_category":0,"site-sidebar-layout":"default","site-content-layout":"default","ast-site-content-layout":"default","site-content-style":"default","site-sidebar-style":"default","ast-global-header-display":"","ast-banner-title-visibility":"","ast-main-header-display":"","ast-hfb-above-header-display":"","ast-hfb-below-header-display":"","ast-hfb-mobile-header-display":"","site-post-title":"disabled","ast-breadcrumbs-content":"disabled","ast-featured-img":"disabled","footer-sml-layout":"","ast-disable-related-posts":"","theme-transparent-header-meta":"default","adv-header-id-meta":"","stick-header-meta":"","header-above-stick-meta":"","header-main-stick-meta":"","header-below-stick-meta":"","astra-migrate-meta-layouts":"set","ast-page-background-enabled":"default","ast-page-background-meta":{"desktop":{"background-color":"","background-image":"","background-repeat":"repeat","background-position":"center center","background-size":"auto","background-attachment":"scroll","background-type":"","background-media":"","overlay-type":"","overlay-color":"","overlay-opacity":"","overlay-gradient":""},"tablet":{"background-color":"","background-image":"","background-repeat":"repeat","background-position":"center center","background-size":"auto","background-attachment":"scroll","background-type":"","background-media":"","overlay-type":"","overlay-color":"","overlay-opacity":"","overlay-gradient":""},"mobile":{"background-color":"","background-image":"","background-repeat":"repeat","background-position":"center center","background-size":"auto","background-attachment":"scroll","background-type":"","background-media":"","overlay-type":"","overlay-color":"","overlay-opacity":"","overlay-gradient":""}},"ast-content-background-meta":{"desktop":{"background-color":"var(--ast-global-color-5)","background-image":"","background-repeat":"repeat","background-position":"center center","background-size":"auto","background-attachment":"scroll","background-type":"","background-media":"","overlay-type":"","overlay-color":"","overlay-opacity":"","overlay-gradient":""},"tablet":{"background-color":"var(--ast-global-color-5)","background-image":"","background-repeat":"repeat","background-position":"center center","background-size":"auto","background-attachment":"scroll","background-type":"","background-media":"","overlay-type":"","overlay-color":"","overlay-opacity":"","overlay-gradient":""},"mobile":{"background-color":"var(--ast-global-color-5)","background-image":"","background-repeat":"repeat","background-position":"center center","background-size":"auto","background-attachment":"scroll","background-type":"","background-media":"","overlay-type":"","overlay-color":"","overlay-opacity":"","overlay-gradient":""}},"footnotes":""},"categories":[12],"tags":[15],"class_list":["post-6967","post","type-post","status-publish","format-standard","hentry","category-inclusao-profissional","tag-noticia"],"aioseo_notices":[],"gutentor_comment":0,"uagb_featured_image_src":{"full":false,"thumbnail":false,"medium":false,"medium_large":false,"large":false,"1536x1536":false,"2048x2048":false},"uagb_author_info":{"display_name":"Rodrigo","author_link":"https:\/\/sinicesp.org.br\/index.php\/author\/sinicesp\/"},"uagb_comment_info":0,"uagb_excerpt":"Projeto consolida a legisla\u00e7\u00e3o sobre o tema e ser\u00e1 analisado pela C\u00e2mara dos Deputados. Movimentos sociais e institui\u00e7\u00f5es que defendem os direitos das pessoas com defici\u00eancia enviam Nota de Rep\u00fadio ao PL 1584\/25 por enfraquecer as conquistas e legisla\u00e7\u00f5es vigentes.","_links":{"self":[{"href":"https:\/\/sinicesp.org.br\/index.php\/wp-json\/wp\/v2\/posts\/6967","targetHints":{"allow":["GET"]}}],"collection":[{"href":"https:\/\/sinicesp.org.br\/index.php\/wp-json\/wp\/v2\/posts"}],"about":[{"href":"https:\/\/sinicesp.org.br\/index.php\/wp-json\/wp\/v2\/types\/post"}],"author":[{"embeddable":true,"href":"https:\/\/sinicesp.org.br\/index.php\/wp-json\/wp\/v2\/users\/1"}],"replies":[{"embeddable":true,"href":"https:\/\/sinicesp.org.br\/index.php\/wp-json\/wp\/v2\/comments?post=6967"}],"version-history":[{"count":0,"href":"https:\/\/sinicesp.org.br\/index.php\/wp-json\/wp\/v2\/posts\/6967\/revisions"}],"wp:attachment":[{"href":"https:\/\/sinicesp.org.br\/index.php\/wp-json\/wp\/v2\/media?parent=6967"}],"wp:term":[{"taxonomy":"category","embeddable":true,"href":"https:\/\/sinicesp.org.br\/index.php\/wp-json\/wp\/v2\/categories?post=6967"},{"taxonomy":"post_tag","embeddable":true,"href":"https:\/\/sinicesp.org.br\/index.php\/wp-json\/wp\/v2\/tags?post=6967"}],"curies":[{"name":"wp","href":"https:\/\/api.w.org\/{rel}","templated":true}]}}