{"id":6975,"date":"2025-05-15T14:07:34","date_gmt":"2025-05-15T17:07:34","guid":{"rendered":"https:\/\/sinicesp.org.br\/?p=6975"},"modified":"2025-05-15T14:07:35","modified_gmt":"2025-05-15T17:07:35","slug":"a-inclusao-de-pessoas-com-deficiencia-no-setor-da-construcao-pesada-paulista","status":"publish","type":"post","link":"https:\/\/sinicesp.org.br\/index.php\/2025\/05\/15\/a-inclusao-de-pessoas-com-deficiencia-no-setor-da-construcao-pesada-paulista\/","title":{"rendered":"A inclus\u00e3o de pessoas com defici\u00eancia no setor da constru\u00e7\u00e3o pesada paulista"},"content":{"rendered":"\n<section class=\"wp-block-uagb-section uagb-section__wrap uagb-section__background-color uagb-block-5ac4acad\"><div class=\"uagb-section__overlay\"><\/div><div class=\"uagb-section__inner-wrap\">\n<div class=\"wp-block-uagb-advanced-heading uagb-block-0fdd7454\"><h3 class=\"uagb-heading-text\"><br><strong>Sinimail n\u00ba 19 &#8211; 15\/05\/2025 <\/strong><\/h3><div class=\"uagb-separator\"><\/div><\/div>\n<\/div><\/section>\n\n\n\n<section class=\"wp-block-uagb-section uagb-section__wrap uagb-section__background-color uagb-block-2e4a2569\"><div class=\"uagb-section__overlay\"><\/div><div class=\"uagb-section__inner-wrap\">\n<div id=\"section-g-bm8sxlb\" class=\"wp-block-gutentor-e0 section-g-bm8sxlb gutentor-element gutentor-element-advanced-text text-align-justify-desktop\"><div class=\"gutentor-text-wrap\"><h2 class=\"gutentor-text\"><strong><strong><strong><strong><strong><strong><strong><strong><strong><strong><strong><strong><strong>A inclus\u00e3o de pessoas com defici\u00eancia no setor da constru\u00e7\u00e3o pesada paulista<\/strong><\/strong><\/strong><\/strong><\/strong><\/strong><\/strong><\/strong><\/strong><\/strong><\/strong><\/strong><\/strong><\/h2><\/div><\/div>\n\n\n\n<div style=\"height:20px\" aria-hidden=\"true\" class=\"wp-block-spacer\"><\/div>\n\n\n\n<div id=\"section-g0e35f2\" class=\"wp-block-gutentor-e0 section-g0e35f2 gutentor-element gutentor-element-advanced-text text-align-justify-desktop\"><div class=\"gutentor-text-wrap\"><p class=\"gutentor-text\">Muitas empresas ainda enfrentam dificuldades para cumprir a cota legal de inclus\u00e3o, n\u00e3o por escassez de trabalhadores eleg\u00edveis \u00e0s vagas reservadas, mas porque ainda n\u00e3o investiram em adapta\u00e7\u00f5es e acessibilidade (inclusive atitudinal) nos processos de produ\u00e7\u00e3o e nos ambientes de trabalho. Isso as impede de contratar, por exemplo, pessoas cegas, usu\u00e1rias de cadeiras de rodas ou com aus\u00eancia de membros, entre outras.<br><br>A afirma\u00e7\u00e3o \u00e9 do auditor fiscal do trabalho e coordenador do projeto de inclus\u00e3o de pessoas com defici\u00eancia e benefici\u00e1rios reabilitados da Previd\u00eancia Social no mercado de trabalho, Eduardo Halim Jos\u00e9 do Nascimento.<br><br>Em palestra realizada no SINICESP, no dia 6 de maio, Eduardo Halim abordou os aspectos relacionados \u00e0 atua\u00e7\u00e3o da Secretaria Regional do Trabalho no cumprimento da Lei de Cotas, bem como as exig\u00eancias trazidas pela nova Lei de Licita\u00e7\u00f5es. A palestra foi proferida no audit\u00f3rio do SINICESP e tamb\u00e9m transmitida online.<br>Falando sobre os aspectos legais da norma, Eduardo Halim afirmou que pol\u00edticas destinadas a corrigir distor\u00e7\u00f5es sociais por meio da fixa\u00e7\u00e3o de cotas devem ser vistas como medidas emergenciais, paliativas e tempor\u00e1rias \u2014 jamais como solu\u00e7\u00e3o definitiva para o problema. Segundo ele, espera-se que, com a evolu\u00e7\u00e3o das rela\u00e7\u00f5es sociais, as cotas se tornem desnecess\u00e1rias.<br><br>A \u201cLei de Cotas\u201d inspira-se em preceitos constitucionais que preconizam a dignidade da pessoa humana, o valor social do trabalho, a n\u00e3o discrimina\u00e7\u00e3o, a igualdade, a liberdade de exerc\u00edcio profissional e o dispositivo que pro\u00edbe qualquer discrimina\u00e7\u00e3o no tocante ao sal\u00e1rio e aos crit\u00e9rios de admiss\u00e3o do trabalhador com defici\u00eancia.<br><br>Outros fatores tamb\u00e9m foram abordados, entre eles: a identifica\u00e7\u00e3o dos tipos de defici\u00eancia, a efetiva comprova\u00e7\u00e3o da condi\u00e7\u00e3o de pessoa com defici\u00eancia ou reabilitada, a forma de c\u00e1lculo da cota, a compet\u00eancia de fiscaliza\u00e7\u00e3o e as penalidades previstas na legisla\u00e7\u00e3o, em caso de descumprimento.<br><br>\u201cModernamente, com os avan\u00e7os tecnol\u00f3gicos em todas as \u00e1reas do conhecimento, sempre ser\u00e1 poss\u00edvel realizar investimentos em acessibilidade, envolvendo adapta\u00e7\u00f5es razo\u00e1veis em m\u00e1quinas, ve\u00edculos, equipamentos, tecnologias assistivas, softwares, espa\u00e7os e mobili\u00e1rios, de modo a garantir aos trabalhadores com defici\u00eancia a efetiva inclus\u00e3o em seus postos de trabalho\u201d, afirmou Halim.<br><br>Para a advogada Caroline Melloni M. do Nascimento Cliber, coordenadora do Grupo de Trabalho Sobre a Inclus\u00e3o da Pessoa com Defici\u00eancia, \u00e9 fundamental que as empresas do setor da constru\u00e7\u00e3o pesada adotem uma postura proativa quanto ao cumprimento da legisla\u00e7\u00e3o. \u201cA inclus\u00e3o de pessoas com defici\u00eancia deve ir al\u00e9m do cumprimento formal da cota legal. \u00c9 necess\u00e1rio promover uma cultura organizacional inclusiva, com treinamentos, adapta\u00e7\u00f5es e pol\u00edticas internas que assegurem a perman\u00eancia e o desenvolvimento desses profissionais\u201d, destacou.<br><br>Caroline tamb\u00e9m ressaltou que a Nova Lei de Licita\u00e7\u00f5es (Lei n\u00ba 14.133\/2021) exige das contratadas maior responsabilidade social, prevendo crit\u00e9rios de acessibilidade e inclus\u00e3o como condi\u00e7\u00f5es para participa\u00e7\u00e3o em processos licitat\u00f3rios. \u201cEssa mudan\u00e7a legislativa representa um avan\u00e7o importante, pois estimula a constru\u00e7\u00e3o de ambientes mais diversos, acess\u00edveis e socialmente respons\u00e1veis\u201d, concluiu.<\/p><\/div><\/div>\n\n\n\n<div class=\"wp-block-uagb-image aligncenter uagb-block-cf8baea7 wp-block-uagb-image--layout-default wp-block-uagb-image--effect-static wp-block-uagb-image--align-center\"><figure class=\"wp-block-uagb-image__figure\"><img decoding=\"async\" srcset=\"https:\/\/sinicesp.org.br\/wp-content\/uploads\/2025\/05\/sinimail-2025-19-interna1.jpg ,https:\/\/sinicesp.org.br\/wp-content\/uploads\/2025\/05\/sinimail-2025-19-interna1.jpg 780w, https:\/\/sinicesp.org.br\/wp-content\/uploads\/2025\/05\/sinimail-2025-19-interna1.jpg 360w\" sizes=\"auto, (max-width: 480px) 150px\" src=\"https:\/\/sinicesp.org.br\/wp-content\/uploads\/2025\/05\/sinimail-2025-19-interna1.jpg\" alt=\"\" class=\"uag-image-6977\" width=\"728\" height=\"350\" title=\"sinimail-2025-19-interna1\" loading=\"lazy\" role=\"img\"\/><figcaption class=\"uagb-image-caption\">Eduardo Halim, Caroline Melloni e Cesar Del Sasso<\/figcaption><\/figure><\/div>\n\n\n\n<div class=\"wp-block-uagb-image aligncenter uagb-block-8778c0cb wp-block-uagb-image--layout-default wp-block-uagb-image--effect-static wp-block-uagb-image--align-center\"><figure class=\"wp-block-uagb-image__figure\"><img decoding=\"async\" srcset=\"https:\/\/sinicesp.org.br\/wp-content\/uploads\/2025\/05\/sinimail-2025-19-interna2.jpg ,https:\/\/sinicesp.org.br\/wp-content\/uploads\/2025\/05\/sinimail-2025-19-interna2.jpg 780w, https:\/\/sinicesp.org.br\/wp-content\/uploads\/2025\/05\/sinimail-2025-19-interna2.jpg 360w\" sizes=\"auto, (max-width: 480px) 150px\" src=\"https:\/\/sinicesp.org.br\/wp-content\/uploads\/2025\/05\/sinimail-2025-19-interna2.jpg\" alt=\"\" class=\"uag-image-6976\" width=\"728\" height=\"350\" title=\"sinimail-2025-19-interna2\" loading=\"lazy\" role=\"img\"\/><\/figure><\/div>\n\n\n\n<div class=\"wp-block-uagb-image aligncenter uagb-block-2fba7587 wp-block-uagb-image--layout-default wp-block-uagb-image--effect-static wp-block-uagb-image--align-center\"><figure class=\"wp-block-uagb-image__figure\"><img decoding=\"async\" srcset=\"https:\/\/sinicesp.org.br\/wp-content\/uploads\/2025\/05\/sinimail-2025-19-rotativo.jpg ,https:\/\/sinicesp.org.br\/wp-content\/uploads\/2025\/05\/sinimail-2025-19-rotativo.jpg 780w, https:\/\/sinicesp.org.br\/wp-content\/uploads\/2025\/05\/sinimail-2025-19-rotativo.jpg 360w\" sizes=\"auto, (max-width: 480px) 150px\" src=\"https:\/\/sinicesp.org.br\/wp-content\/uploads\/2025\/05\/sinimail-2025-19-rotativo.jpg\" alt=\"\" class=\"uag-image-6979\" width=\"728\" height=\"485\" title=\"sinimail-2025-19-rotativo\" loading=\"lazy\" role=\"img\"\/><\/figure><\/div>\n\n\n\n<div style=\"height:40px\" aria-hidden=\"true\" class=\"wp-block-spacer\"><\/div>\n\n\n\n<div id=\"section-g51852a\" class=\"wp-block-gutentor-e6 section-g51852a gutentor-element gutentor-element-image text-align-center-desktop\"><div class=\"gutentor-element-image-box\"><a class=\"gutentor-element-image-link\" href=\"window.print()\"><div class=\"gutentor-image-thumb\"><img decoding=\"async\" class=\"normal-image\" src=\"https:\/\/sinicesp.org.br\/wp-content\/uploads\/2022\/01\/impressora.png\" \/><\/div><\/a><\/div><\/div>\n<\/div><\/section>\n","protected":false},"excerpt":{"rendered":"<p>Muitas empresas ainda enfrentam dificuldades para cumprir a cota legal de inclus\u00e3o, n\u00e3o por escassez de trabalhadores eleg\u00edveis \u00e0s vagas reservadas, mas porque ainda n\u00e3o investiram em adapta\u00e7\u00f5es e acessibilidade (inclusive atitudinal) nos processos de produ\u00e7\u00e3o e nos ambientes de trabalho. <\/p>\n","protected":false},"author":1,"featured_media":6978,"comment_status":"closed","ping_status":"closed","sticky":false,"template":"","format":"standard","meta":{"om_disable_all_campaigns":false,"_uag_custom_page_level_css":"","_monsterinsights_skip_tracking":false,"_monsterinsights_sitenote_active":false,"_monsterinsights_sitenote_note":"","_monsterinsights_sitenote_category":0,"site-sidebar-layout":"default","site-content-layout":"default","ast-site-content-layout":"default","site-content-style":"default","site-sidebar-style":"default","ast-global-header-display":"","ast-banner-title-visibility":"","ast-main-header-display":"","ast-hfb-above-header-display":"","ast-hfb-below-header-display":"","ast-hfb-mobile-header-display":"","site-post-title":"disabled","ast-breadcrumbs-content":"disabled","ast-featured-img":"","footer-sml-layout":"","ast-disable-related-posts":"","theme-transparent-header-meta":"default","adv-header-id-meta":"","stick-header-meta":"","header-above-stick-meta":"","header-main-stick-meta":"","header-below-stick-meta":"","astra-migrate-meta-layouts":"set","ast-page-background-enabled":"default","ast-page-background-meta":{"desktop":{"background-color":"","background-image":"","background-repeat":"repeat","background-position":"center center","background-size":"auto","background-attachment":"scroll","background-type":"","background-media":"","overlay-type":"","overlay-color":"","overlay-opacity":"","overlay-gradient":""},"tablet":{"background-color":"","background-image":"","background-repeat":"repeat","background-position":"center center","background-size":"auto","background-attachment":"scroll","background-type":"","background-media":"","overlay-type":"","overlay-color":"","overlay-opacity":"","overlay-gradient":""},"mobile":{"background-color":"","background-image":"","background-repeat":"repeat","background-position":"center center","background-size":"auto","background-attachment":"scroll","background-type":"","background-media":"","overlay-type":"","overlay-color":"","overlay-opacity":"","overlay-gradient":""}},"ast-content-background-meta":{"desktop":{"background-color":"var(--ast-global-color-5)","background-image":"","background-repeat":"repeat","background-position":"center center","background-size":"auto","background-attachment":"scroll","background-type":"","background-media":"","overlay-type":"","overlay-color":"","overlay-opacity":"","overlay-gradient":""},"tablet":{"background-color":"var(--ast-global-color-5)","background-image":"","background-repeat":"repeat","background-position":"center center","background-size":"auto","background-attachment":"scroll","background-type":"","background-media":"","overlay-type":"","overlay-color":"","overlay-opacity":"","overlay-gradient":""},"mobile":{"background-color":"var(--ast-global-color-5)","background-image":"","background-repeat":"repeat","background-position":"center center","background-size":"auto","background-attachment":"scroll","background-type":"","background-media":"","overlay-type":"","overlay-color":"","overlay-opacity":"","overlay-gradient":""}},"footnotes":""},"categories":[3],"tags":[522],"class_list":["post-6975","post","type-post","status-publish","format-standard","has-post-thumbnail","hentry","category-sinimail","tag-sinimail-no-19-15-05-2025"],"aioseo_notices":[],"gutentor_comment":0,"uagb_featured_image_src":{"full":["https:\/\/sinicesp.org.br\/wp-content\/uploads\/2025\/05\/sinimail-2025-19-destaque.jpg",250,167,false],"thumbnail":["https:\/\/sinicesp.org.br\/wp-content\/uploads\/2025\/05\/sinimail-2025-19-destaque-150x150.jpg",150,150,true],"medium":["https:\/\/sinicesp.org.br\/wp-content\/uploads\/2025\/05\/sinimail-2025-19-destaque.jpg",250,167,false],"medium_large":["https:\/\/sinicesp.org.br\/wp-content\/uploads\/2025\/05\/sinimail-2025-19-destaque.jpg",250,167,false],"large":["https:\/\/sinicesp.org.br\/wp-content\/uploads\/2025\/05\/sinimail-2025-19-destaque.jpg",250,167,false],"1536x1536":["https:\/\/sinicesp.org.br\/wp-content\/uploads\/2025\/05\/sinimail-2025-19-destaque.jpg",250,167,false],"2048x2048":["https:\/\/sinicesp.org.br\/wp-content\/uploads\/2025\/05\/sinimail-2025-19-destaque.jpg",250,167,false]},"uagb_author_info":{"display_name":"Rodrigo","author_link":"https:\/\/sinicesp.org.br\/index.php\/author\/sinicesp\/"},"uagb_comment_info":0,"uagb_excerpt":"Muitas empresas ainda enfrentam dificuldades para cumprir a cota legal de inclus\u00e3o, n\u00e3o por escassez de trabalhadores eleg\u00edveis \u00e0s vagas reservadas, mas porque ainda n\u00e3o investiram em adapta\u00e7\u00f5es e acessibilidade (inclusive atitudinal) nos processos de produ\u00e7\u00e3o e nos ambientes de trabalho.","_links":{"self":[{"href":"https:\/\/sinicesp.org.br\/index.php\/wp-json\/wp\/v2\/posts\/6975","targetHints":{"allow":["GET"]}}],"collection":[{"href":"https:\/\/sinicesp.org.br\/index.php\/wp-json\/wp\/v2\/posts"}],"about":[{"href":"https:\/\/sinicesp.org.br\/index.php\/wp-json\/wp\/v2\/types\/post"}],"author":[{"embeddable":true,"href":"https:\/\/sinicesp.org.br\/index.php\/wp-json\/wp\/v2\/users\/1"}],"replies":[{"embeddable":true,"href":"https:\/\/sinicesp.org.br\/index.php\/wp-json\/wp\/v2\/comments?post=6975"}],"version-history":[{"count":0,"href":"https:\/\/sinicesp.org.br\/index.php\/wp-json\/wp\/v2\/posts\/6975\/revisions"}],"wp:featuredmedia":[{"embeddable":true,"href":"https:\/\/sinicesp.org.br\/index.php\/wp-json\/wp\/v2\/media\/6978"}],"wp:attachment":[{"href":"https:\/\/sinicesp.org.br\/index.php\/wp-json\/wp\/v2\/media?parent=6975"}],"wp:term":[{"taxonomy":"category","embeddable":true,"href":"https:\/\/sinicesp.org.br\/index.php\/wp-json\/wp\/v2\/categories?post=6975"},{"taxonomy":"post_tag","embeddable":true,"href":"https:\/\/sinicesp.org.br\/index.php\/wp-json\/wp\/v2\/tags?post=6975"}],"curies":[{"name":"wp","href":"https:\/\/api.w.org\/{rel}","templated":true}]}}