{"id":6990,"date":"2025-05-16T13:11:53","date_gmt":"2025-05-16T16:11:53","guid":{"rendered":"https:\/\/sinicesp.org.br\/?p=6990"},"modified":"2025-05-16T13:11:53","modified_gmt":"2025-05-16T16:11:53","slug":"senado-aprova-instituicao-do-simbolo-internacional-de-acessibilidade","status":"publish","type":"post","link":"https:\/\/sinicesp.org.br\/index.php\/2025\/05\/16\/senado-aprova-instituicao-do-simbolo-internacional-de-acessibilidade\/","title":{"rendered":"Senado aprova institui\u00e7\u00e3o do s\u00edmbolo internacional de acessibilidade"},"content":{"rendered":"\n<section class=\"wp-block-uagb-section uagb-section__wrap uagb-section__background-color uagb-block-0fb1b19a\"><div class=\"uagb-section__overlay\"><\/div><div class=\"uagb-section__inner-wrap\">\n<div style=\"height:10px\" aria-hidden=\"true\" class=\"wp-block-spacer\"><\/div>\n\n\n\n<div class=\"wp-block-uagb-advanced-heading uagb-block-feb22a87\"><h3 class=\"uagb-heading-text\"><br><strong>Inclus\u00e3o profissional n\u00ba 06 (16\/05\/2025) <\/strong><\/h3><div class=\"uagb-separator\"><\/div><\/div>\n<\/div><\/section>\n\n\n\n<section class=\"wp-block-uagb-section uagb-section__wrap uagb-section__background-color uagb-block-08ad0879\"><div class=\"uagb-section__overlay\"><\/div><div class=\"uagb-section__inner-wrap\">\n<div id=\"section-g-bm8sxlb\" class=\"wp-block-gutentor-e0 section-g-bm8sxlb gutentor-element gutentor-element-advanced-text text-align-justify-desktop\"><div class=\"gutentor-text-wrap\"><h2 class=\"gutentor-text\"><strong><strong><strong><strong><strong><strong><strong><strong><strong>Senado aprova institui\u00e7\u00e3o do s\u00edmbolo internacional de acessibilidade<\/strong><\/strong><\/strong><\/strong><\/strong><\/strong><\/strong><\/strong><\/strong><\/h2><\/div><\/div>\n\n\n\n<div style=\"height:15px\" aria-hidden=\"true\" class=\"wp-block-spacer\"><\/div>\n\n\n\n<div id=\"section-g-xl42l3l\" class=\"wp-block-gutentor-e0 section-g-xl42l3l gutentor-element gutentor-element-advanced-text text-align-justify-desktop\"><div class=\"gutentor-text-wrap\"><p class=\"gutentor-text\">O plen\u00e1rio do Senado aprovou, no dia 29 de abril de 2025, projeto de lei que substitui o s\u00edmbolo internacional de acesso, com a figura de cadeira de rodas, pelo novo s\u00edmbolo internacional de acessibilidade, concebido em 2015, pela Organiza\u00e7\u00e3o das Na\u00e7\u00f5es Unidas (ONU). A mat\u00e9ria de autoria do deputado\u00a0<a href=\"https:\/\/radar.congressoemfoco.com.br\/parlamentar\/1160512\/perfil\" target=\"_blank\" rel=\"noreferrer noopener\">Aureo Ribeiro<\/a>\u00a0(Solidariedade-RJ) retorna \u00e0 C\u00e2mara dos Deputados.<br><br>A justifica\u00e7\u00e3o indica que o S\u00edmbolo Internacional de Acesso, ilustrado pela imagem da cadeira de rodas, n\u00e3o \u00e9 mais adequado para abranger as acep\u00e7\u00f5es de acessibilidade que diferem daquelas direcionadas \u00e0s defici\u00eancias f\u00edsicas. Assim, segundo o autor, a proposi\u00e7\u00e3o teria o objetivo de estabelecer um sinal gr\u00e1fico que compreenda, para al\u00e9m do fator de movimenta\u00e7\u00e3o, toda a diversidade de pessoas que possuem alguma defici\u00eancia.<br><br>O senador\u00a0<a href=\"https:\/\/radar.congressoemfoco.com.br\/parlamentar\/25322\/perfil\" target=\"_blank\" rel=\"noreferrer noopener\">Rom\u00e1rio<\/a>\u00a0(PL-RJ), relator da mat\u00e9ria na Casa, afirmou que concorda com o m\u00e9rito da proposta em raz\u00e3o das diferentes defici\u00eancias existentes. De fato, a inclus\u00e3o da pessoa com defici\u00eancia na legisla\u00e7\u00e3o brasileira \u00e9 ampla e multifacetada. Abrange as pessoas com defici\u00eancia n\u00e3o somente em raz\u00e3o de impedimento f\u00edsico, mas tamb\u00e9m mental, intelectual ou sensorial, escreveu.<br><br>O texto torna obrigat\u00f3ria a coloca\u00e7\u00e3o vis\u00edvel do novo s\u00edmbolo e aponta que ser\u00e1 compet\u00eancia do Poder Executivo regular a substitui\u00e7\u00e3o das atuais placas de sinaliza\u00e7\u00e3o, bem como atualizar o material de refer\u00eancia e de ensino que envolva a sinaliza\u00e7\u00e3o de estacionamentos regulados. Neste sentido, a mat\u00e9ria tamb\u00e9m estabelece que o Poder Executivo deve promover campanhas para divulga\u00e7\u00e3o do S\u00edmbolo Internacional de Acessibilidade.<br><br>O prazo para as mudan\u00e7as, se aprovado o projeto, \u00e9 de tr\u00eas anos ap\u00f3s a publica\u00e7\u00e3o da lei.<br><br><strong>Fonte: Senado em Foco<\/strong><\/p><\/div><\/div>\n\n\n\n<div style=\"height:70px\" aria-hidden=\"true\" class=\"wp-block-spacer\"><\/div>\n\n\n\n<div id=\"section-g87ba7b\" class=\"wp-block-gutentor-e6 section-g87ba7b gutentor-element gutentor-element-image text-align-center-desktop\"><div class=\"gutentor-element-image-box\"><a class=\"gutentor-element-image-link\" href=\"window.print()\"><div class=\"gutentor-image-thumb\"><img decoding=\"async\" class=\"normal-image\" src=\"https:\/\/sinicesp.org.br\/wp-content\/uploads\/2022\/01\/impressora.png\" \/><\/div><\/a><\/div><\/div>\n<\/div><\/section>\n","protected":false},"excerpt":{"rendered":"<p>O projeto de lei aprovado pela Casa substitui o s\u00edmbolo de acessibilidade com cadeira de rodas pelo novo desenvolvido pela ONU em 2015.<\/p>\n","protected":false},"author":1,"featured_media":0,"comment_status":"closed","ping_status":"closed","sticky":false,"template":"","format":"standard","meta":{"om_disable_all_campaigns":false,"_uag_custom_page_level_css":"","_monsterinsights_skip_tracking":false,"_monsterinsights_sitenote_active":false,"_monsterinsights_sitenote_note":"","_monsterinsights_sitenote_category":0,"site-sidebar-layout":"default","site-content-layout":"default","ast-site-content-layout":"default","site-content-style":"default","site-sidebar-style":"default","ast-global-header-display":"","ast-banner-title-visibility":"","ast-main-header-display":"","ast-hfb-above-header-display":"","ast-hfb-below-header-display":"","ast-hfb-mobile-header-display":"","site-post-title":"disabled","ast-breadcrumbs-content":"disabled","ast-featured-img":"disabled","footer-sml-layout":"","ast-disable-related-posts":"","theme-transparent-header-meta":"default","adv-header-id-meta":"","stick-header-meta":"","header-above-stick-meta":"","header-main-stick-meta":"","header-below-stick-meta":"","astra-migrate-meta-layouts":"set","ast-page-background-enabled":"default","ast-page-background-meta":{"desktop":{"background-color":"","background-image":"","background-repeat":"repeat","background-position":"center center","background-size":"auto","background-attachment":"scroll","background-type":"","background-media":"","overlay-type":"","overlay-color":"","overlay-opacity":"","overlay-gradient":""},"tablet":{"background-color":"","background-image":"","background-repeat":"repeat","background-position":"center center","background-size":"auto","background-attachment":"scroll","background-type":"","background-media":"","overlay-type":"","overlay-color":"","overlay-opacity":"","overlay-gradient":""},"mobile":{"background-color":"","background-image":"","background-repeat":"repeat","background-position":"center center","background-size":"auto","background-attachment":"scroll","background-type":"","background-media":"","overlay-type":"","overlay-color":"","overlay-opacity":"","overlay-gradient":""}},"ast-content-background-meta":{"desktop":{"background-color":"var(--ast-global-color-5)","background-image":"","background-repeat":"repeat","background-position":"center center","background-size":"auto","background-attachment":"scroll","background-type":"","background-media":"","overlay-type":"","overlay-color":"","overlay-opacity":"","overlay-gradient":""},"tablet":{"background-color":"var(--ast-global-color-5)","background-image":"","background-repeat":"repeat","background-position":"center center","background-size":"auto","background-attachment":"scroll","background-type":"","background-media":"","overlay-type":"","overlay-color":"","overlay-opacity":"","overlay-gradient":""},"mobile":{"background-color":"var(--ast-global-color-5)","background-image":"","background-repeat":"repeat","background-position":"center center","background-size":"auto","background-attachment":"scroll","background-type":"","background-media":"","overlay-type":"","overlay-color":"","overlay-opacity":"","overlay-gradient":""}},"footnotes":""},"categories":[12],"tags":[15],"class_list":["post-6990","post","type-post","status-publish","format-standard","hentry","category-inclusao-profissional","tag-noticia"],"aioseo_notices":[],"gutentor_comment":0,"uagb_featured_image_src":{"full":false,"thumbnail":false,"medium":false,"medium_large":false,"large":false,"1536x1536":false,"2048x2048":false},"uagb_author_info":{"display_name":"Rodrigo","author_link":"https:\/\/sinicesp.org.br\/index.php\/author\/sinicesp\/"},"uagb_comment_info":0,"uagb_excerpt":"O projeto de lei aprovado pela Casa substitui o s\u00edmbolo de acessibilidade com cadeira de rodas pelo novo desenvolvido pela ONU em 2015.","_links":{"self":[{"href":"https:\/\/sinicesp.org.br\/index.php\/wp-json\/wp\/v2\/posts\/6990","targetHints":{"allow":["GET"]}}],"collection":[{"href":"https:\/\/sinicesp.org.br\/index.php\/wp-json\/wp\/v2\/posts"}],"about":[{"href":"https:\/\/sinicesp.org.br\/index.php\/wp-json\/wp\/v2\/types\/post"}],"author":[{"embeddable":true,"href":"https:\/\/sinicesp.org.br\/index.php\/wp-json\/wp\/v2\/users\/1"}],"replies":[{"embeddable":true,"href":"https:\/\/sinicesp.org.br\/index.php\/wp-json\/wp\/v2\/comments?post=6990"}],"version-history":[{"count":0,"href":"https:\/\/sinicesp.org.br\/index.php\/wp-json\/wp\/v2\/posts\/6990\/revisions"}],"wp:attachment":[{"href":"https:\/\/sinicesp.org.br\/index.php\/wp-json\/wp\/v2\/media?parent=6990"}],"wp:term":[{"taxonomy":"category","embeddable":true,"href":"https:\/\/sinicesp.org.br\/index.php\/wp-json\/wp\/v2\/categories?post=6990"},{"taxonomy":"post_tag","embeddable":true,"href":"https:\/\/sinicesp.org.br\/index.php\/wp-json\/wp\/v2\/tags?post=6990"}],"curies":[{"name":"wp","href":"https:\/\/api.w.org\/{rel}","templated":true}]}}