{"id":6995,"date":"2025-05-22T13:16:24","date_gmt":"2025-05-22T16:16:24","guid":{"rendered":"https:\/\/sinicesp.org.br\/?p=6995"},"modified":"2025-05-22T13:16:24","modified_gmt":"2025-05-22T16:16:24","slug":"jantar-celebra-a-posse-da-nova-diretoria-do-sinicesp","status":"publish","type":"post","link":"https:\/\/sinicesp.org.br\/index.php\/2025\/05\/22\/jantar-celebra-a-posse-da-nova-diretoria-do-sinicesp\/","title":{"rendered":"Jantar celebra a posse da nova diretoria do SINICESP"},"content":{"rendered":"\n<section class=\"wp-block-uagb-section uagb-section__wrap uagb-section__background-color uagb-block-5ac4acad\"><div class=\"uagb-section__overlay\"><\/div><div class=\"uagb-section__inner-wrap\">\n<div class=\"wp-block-uagb-advanced-heading uagb-block-0fdd7454\"><h3 class=\"uagb-heading-text\"><br><strong>Sinimail n\u00ba 21 &#8211; 22\/05\/2025 <\/strong><\/h3><div class=\"uagb-separator\"><\/div><\/div>\n<\/div><\/section>\n\n\n\n<section class=\"wp-block-uagb-section uagb-section__wrap uagb-section__background-color uagb-block-2e4a2569\"><div class=\"uagb-section__overlay\"><\/div><div class=\"uagb-section__inner-wrap\">\n<div id=\"section-g-bm8sxlb\" class=\"wp-block-gutentor-e0 section-g-bm8sxlb gutentor-element gutentor-element-advanced-text text-align-justify-desktop\"><div class=\"gutentor-text-wrap\"><h2 class=\"gutentor-text\"><strong><strong><strong><strong><strong><strong><strong><strong><strong><strong><strong><strong><strong>Jantar celebra a posse da nova diretoria do SINICESP<\/strong><\/strong><\/strong><\/strong><\/strong><\/strong><\/strong><\/strong><\/strong><\/strong><\/strong><\/strong><\/strong><\/h2><\/div><\/div>\n\n\n\n<div style=\"height:20px\" aria-hidden=\"true\" class=\"wp-block-spacer\"><\/div>\n\n\n\n<div class=\"wp-block-uagb-image aligncenter uagb-block-cf8baea7 wp-block-uagb-image--layout-default wp-block-uagb-image--effect-static wp-block-uagb-image--align-center\"><figure class=\"wp-block-uagb-image__figure\"><img decoding=\"async\" srcset=\"https:\/\/sinicesp.org.br\/wp-content\/uploads\/2025\/05\/sinimail-2025-21-rotativo.jpg ,https:\/\/sinicesp.org.br\/wp-content\/uploads\/2025\/05\/sinimail-2025-21-rotativo.jpg 780w, https:\/\/sinicesp.org.br\/wp-content\/uploads\/2025\/05\/sinimail-2025-21-rotativo.jpg 360w\" sizes=\"auto, (max-width: 480px) 150px\" src=\"https:\/\/sinicesp.org.br\/wp-content\/uploads\/2025\/05\/sinimail-2025-21-rotativo.jpg\" alt=\"\" class=\"uag-image-6997\" width=\"728\" height=\"485\" title=\"sinimail-2025-21-rotativo\" loading=\"lazy\" role=\"img\"\/><figcaption class=\"uagb-image-caption\"><em>S\u00e9rgio Senhorini \u00e9 o novo presidente do SINICESP<\/em><\/figcaption><\/figure><\/div>\n\n\n\n<div id=\"section-g0e35f2\" class=\"wp-block-gutentor-e0 section-g0e35f2 gutentor-element gutentor-element-advanced-text text-align-justify-desktop\"><div class=\"gutentor-text-wrap\"><p class=\"gutentor-text\">Um jantar que reuniu empresas associadas, autoridades e representantes de entidades da constru\u00e7\u00e3o pesada marcou a posse solene da nova diretoria do SINICESP \u2013 Sindicato da Ind\u00fastria da Constru\u00e7\u00e3o Pesada do Estado de S\u00e3o Paulo.<br><br>O evento, que contou com a presen\u00e7a de mais de 200 convidados, foi realizado na noite do dia 15 de maio, no Bisutti Boulevard JK, localizado na Avenida Juscelino Kubitschek, no bairro de Itaim Bibi, na capital paulista.<br><br>Durante a cerim\u00f4nia, houve uma pausa para pronunciamentos e homenagens. O primeiro a se pronunciar foi o presidente do Conselho Superior do SINICESP, Carlos Pacheco Silveira. Em seu discurso, Silveira afirmou que a trajet\u00f3ria do SINICESP, ao longo de suas quase seis d\u00e9cadas de atua\u00e7\u00e3o, foi sempre pautada na execu\u00e7\u00e3o das obras que transformam, para melhor, a vida dos paulistas.<br><br>Ressaltou ainda o car\u00e1ter de uni\u00e3o da entidade, uma vez que a defini\u00e7\u00e3o das diretorias do SINICESP, em 6 d\u00e9cadas de atua\u00e7\u00e3o, sempre ocorreu com a composi\u00e7\u00e3o de chapas \u00fanicas, nas elei\u00e7\u00f5es. Carlos Silveira frisou que \u201co<em> SINICESP \u00e9 um polo institucional de trabalho s\u00e9rio, pautado na \u00e9tica, com objetivos definidos estatutariamente, sem espa\u00e7o para aventuras ou experimenta\u00e7\u00f5es<\/em>\u201d.<\/p><\/div><\/div>\n\n\n\n<div class=\"wp-block-uagb-image aligncenter uagb-block-8778c0cb wp-block-uagb-image--layout-default wp-block-uagb-image--effect-static wp-block-uagb-image--align-center\"><figure class=\"wp-block-uagb-image__figure\"><img decoding=\"async\" srcset=\"https:\/\/sinicesp.org.br\/wp-content\/uploads\/2025\/05\/sinimail-2025-21-interna1.jpg ,https:\/\/sinicesp.org.br\/wp-content\/uploads\/2025\/05\/sinimail-2025-21-interna1.jpg 780w, https:\/\/sinicesp.org.br\/wp-content\/uploads\/2025\/05\/sinimail-2025-21-interna1.jpg 360w\" sizes=\"auto, (max-width: 480px) 150px\" src=\"https:\/\/sinicesp.org.br\/wp-content\/uploads\/2025\/05\/sinimail-2025-21-interna1.jpg\" alt=\"\" class=\"uag-image-6998\" width=\"728\" height=\"420\" title=\"sinimail-2025-21-interna1\" loading=\"lazy\" role=\"img\"\/><figcaption class=\"uagb-image-caption\"><em>Carlos Silveira: o SINICESP \u00e9 um polo de trabalho s\u00e9rio, pautado na \u00e9tica<\/em><\/figcaption><\/figure><\/div>\n\n\n\n<div id=\"section-g-1q8els3\" class=\"wp-block-gutentor-e0 section-g-1q8els3 gutentor-element gutentor-element-advanced-text text-align-justify-desktop\"><div class=\"gutentor-text-wrap\"><p class=\"gutentor-text\">A cerim\u00f4nia teve tamb\u00e9m o pronunciamento do ex-presidente Luiz Albert Kamilos, que deixa a dire\u00e7\u00e3o da entidade, ap\u00f3s 8 anos de mandato. Para ele, falar do SINICESP \u00e9 falar da hist\u00f3ria da infraestrutura de S\u00e3o Paulo. \u201c<em>H\u00e1 40 anos, como representante de empresa associada ao Sindicato, eu acompanho as conquistas, lutas e bandeiras defendidas pela entidade em seu papel de representar as empresas da constru\u00e7\u00e3o pesada paulista<\/em>\u201d.<br><br>Ele relembrou sua passagem pela presid\u00eancia, \u00a0quando aceitou o desafio, ciente das dificuldades, mas que n\u00e3o esperava que fossem tantas. \u201c<em>O imponder\u00e1vel nos abra\u00e7ou, com a pandemia da COVID 19. Mesmo assim, o setor da constru\u00e7\u00e3o n\u00e3o interrompeu suas atividades<\/em>\u201d.<br><br>Kamilos observou que a Nova Lei de Licita\u00e7\u00f5es e Contratos tamb\u00e9m mobilizou o SINICESP de forma institucional perante \u00e0s autoridades legislativas e do executivo federal para colaborar no aprimoramento das novas regras implementadas. \u201c<em>Enfrentamos todos com transpar\u00eancia, objetividade e ampla participa\u00e7\u00e3o das empresas associadas, sempre colaborando com as autoridades, no estudo de solu\u00e7\u00e3o de problemas que se relacionem com as nossas atividades<\/em>\u201d, afirmou.<\/p><\/div><\/div>\n\n\n\n<div class=\"wp-block-uagb-image aligncenter uagb-block-2fba7587 wp-block-uagb-image--layout-default wp-block-uagb-image--effect-static wp-block-uagb-image--align-center\"><figure class=\"wp-block-uagb-image__figure\"><img decoding=\"async\" srcset=\"https:\/\/sinicesp.org.br\/wp-content\/uploads\/2025\/05\/sinimail-2025-21-interna2.jpg ,https:\/\/sinicesp.org.br\/wp-content\/uploads\/2025\/05\/sinimail-2025-21-interna2.jpg 780w, https:\/\/sinicesp.org.br\/wp-content\/uploads\/2025\/05\/sinimail-2025-21-interna2.jpg 360w\" sizes=\"auto, (max-width: 480px) 150px\" src=\"https:\/\/sinicesp.org.br\/wp-content\/uploads\/2025\/05\/sinimail-2025-21-interna2.jpg\" alt=\"\" class=\"uag-image-6999\" width=\"728\" height=\"420\" title=\"sinimail-2025-21-interna2\" loading=\"lazy\" role=\"img\"\/><figcaption class=\"uagb-image-caption\"><em>Kamilos: o imponder\u00e1vel nos abra\u00e7ou, com a pandemia da COVID 19<\/em><\/figcaption><\/figure><\/div>\n\n\n\n<div id=\"section-g-p11lplm\" class=\"wp-block-gutentor-e0 section-g-p11lplm gutentor-element gutentor-element-advanced-text text-align-justify-desktop\"><div class=\"gutentor-text-wrap\"><p class=\"gutentor-text\">Ao se dirigir aos presentes, o novo presidente, S\u00e9rgio Figueiredo Senhorini, afirmou que o SINICESP, ao longo das \u00faltimas d\u00e9cadas, se consolidou como um dos pilares do desenvolvimento da infraestrutura paulista e nacional, e tem uma hist\u00f3ria marcada pela luta, pelo di\u00e1logo e pelo compromisso com o progresso do setor.\u00a0 \u201c<em>Quero agradecer a confian\u00e7a dos colegas e associadas. Esta posse n\u00e3o \u00e9 apenas uma formalidade, \u00e9 a renova\u00e7\u00e3o de um pacto coletivo por uma representa\u00e7\u00e3o forte, t\u00e9cnica e respons\u00e1vel<\/em>\u201d, declarou Senhorini.<br><br>Ele ponderou que vivemos um momento que exige uni\u00e3o. O setor enfrenta desafios significativos: a volatilidade econ\u00f4mica, as mudan\u00e7as regulat\u00f3rias e os entraves burocr\u00e1ticos, entre outros. Nosso compromisso ser\u00e1 o de fortalecer o di\u00e1logo com os governos, promover a valoriza\u00e7\u00e3o das empresas da constru\u00e7\u00e3o pesada e defender com firmeza pol\u00edticas p\u00fablicas que assegurem previsibilidade, investimentos cont\u00ednuos e seguran\u00e7a jur\u00eddica para o segmento da constru\u00e7\u00e3o pesada.<br><br>Para Senhorini, cada real investido em infraestrutura retorna para a sociedade na forma de empregos, efici\u00eancia log\u00edstica, redu\u00e7\u00e3o de custos e inclus\u00e3o social. N\u00e3o \u00e9 poss\u00edvel pensar em desenvolvimento econ\u00f4mico sem uma infraestrutura robusta e planejada. E para isso o SINICESP seguir\u00e1 atuando de forma ativa e propositiva, contribuindo com estudos, dados, projetos e articula\u00e7\u00e3o institucional.<br><br>Ao encerrar seu pronunciamento, S\u00e9rgio Senhorini deixou um compromisso claro: \u201c<em>Faremos uma gest\u00e3o pautada pela transpar\u00eancia e pelo di\u00e1logo. Trabalharemos para tornar nosso sindicato ainda mais representativo, moderno e atuante, \u00e0 altura dos desafios que est\u00e3o diante de n\u00f3s<\/em>\u201d.<\/p><\/div><\/div>\n\n\n\n<div class=\"wp-block-uagb-image aligncenter uagb-block-8aeed654 wp-block-uagb-image--layout-default wp-block-uagb-image--effect-static wp-block-uagb-image--align-center\"><figure class=\"wp-block-uagb-image__figure\"><img decoding=\"async\" srcset=\"https:\/\/sinicesp.org.br\/wp-content\/uploads\/2025\/05\/sinimail-2025-21-interna3.jpg ,https:\/\/sinicesp.org.br\/wp-content\/uploads\/2025\/05\/sinimail-2025-21-interna3.jpg 780w, https:\/\/sinicesp.org.br\/wp-content\/uploads\/2025\/05\/sinimail-2025-21-interna3.jpg 360w\" sizes=\"auto, (max-width: 480px) 150px\" src=\"https:\/\/sinicesp.org.br\/wp-content\/uploads\/2025\/05\/sinimail-2025-21-interna3.jpg\" alt=\"\" class=\"uag-image-7000\" width=\"728\" height=\"420\" title=\"sinimail-2025-21-interna3\" loading=\"lazy\" role=\"img\"\/><figcaption class=\"uagb-image-caption\"><strong><em>\u201cEsta posse n\u00e3o \u00e9 apenas uma formalidade, \u00e9 a renova\u00e7\u00e3o de um pacto coletivo, por uma representa\u00e7\u00e3o forte, t\u00e9cnica e respons\u00e1vel<\/em>\u201d<\/strong><\/figcaption><\/figure><\/div>\n\n\n\n<div id=\"section-g-pg13gm5\" class=\"wp-block-gutentor-e0 section-g-pg13gm5 gutentor-element gutentor-element-advanced-text text-align-justify-desktop\"><div class=\"gutentor-text-wrap\"><p class=\"gutentor-text\"><strong>Homenagens<\/strong><br><br>Duas significativas homenagens foram realizadas na cerim\u00f4nia. A primeira, constitu\u00edda por meio de uma placa de prata, foi entregue ao ex-presidente Luiz Kamilos, pelas m\u00e3os do diretor-executivo Marco T\u00fallio Bottino. Nos dizeres a mensagem:<br><br><em>Luiz Albert Kamilos:<\/em><br><br><em>A sua dedica\u00e7\u00e3o pessoal e qualidade de lideran\u00e7a foram fundamentais para o SINICESP enfrentar desafios e identificar oportunidades.<\/em><br><br><em>Nossos sinceros agradecimentos pela sua valorosa atua\u00e7\u00e3o na presid\u00eancia de nossa entidade.<\/em><br><br><em>Diretores, funcion\u00e1rios e associadas.<\/em><\/p><\/div><\/div>\n\n\n\n<div class=\"wp-block-uagb-image aligncenter uagb-block-b7cd393c wp-block-uagb-image--layout-default wp-block-uagb-image--effect-static wp-block-uagb-image--align-center\"><figure class=\"wp-block-uagb-image__figure\"><img decoding=\"async\" srcset=\"https:\/\/sinicesp.org.br\/wp-content\/uploads\/2025\/05\/sinimail-2025-21-interna4.jpg ,https:\/\/sinicesp.org.br\/wp-content\/uploads\/2025\/05\/sinimail-2025-21-interna4.jpg 780w, https:\/\/sinicesp.org.br\/wp-content\/uploads\/2025\/05\/sinimail-2025-21-interna4.jpg 360w\" sizes=\"auto, (max-width: 480px) 150px\" src=\"https:\/\/sinicesp.org.br\/wp-content\/uploads\/2025\/05\/sinimail-2025-21-interna4.jpg\" alt=\"\" class=\"uag-image-7001\" width=\"728\" height=\"420\" title=\"sinimail-2025-21-interna4\" loading=\"lazy\" role=\"img\"\/><figcaption class=\"uagb-image-caption\"><strong><em>Luiz Kamilos e Marco T\u00fallio Bottino, os homenageados da noite<\/em><\/strong><\/figcaption><\/figure><\/div>\n\n\n\n<div id=\"section-g-49zpa47\" class=\"wp-block-gutentor-e0 section-g-49zpa47 gutentor-element gutentor-element-advanced-text text-align-justify-desktop\"><div class=\"gutentor-text-wrap\"><p class=\"gutentor-text\">O outro tributo, foi a concess\u00e3o, ao diretor-executivo do SINICESP, Marco T\u00fallio Bottino, da Medalha do M\u00e9rito Rodovi\u00e1rio Presidente Washington Luiz. A entrega foi feita pelo presidente do Conselho Superior do SINICESP, Carlos Pacheco Silveira.<br><br>Ao conceder a honraria, Carlos Silveira relembrou que no SINICESP, antes mesmo de se tornar uma entidade de classe, em 1967, no per\u00edodo em que ainda era uma associa\u00e7\u00e3o de empres\u00e1rios, j\u00e1 havia uma voz a ser ouvida nos mementos cruciais e decis\u00f3rios. Ao longo de d\u00e9cadas essa voz \u00e9 a de Marco T\u00fallio Bottino.<br><br>\u201c<em>Foi por meio de seu profundo conhecimento legal, pondera\u00e7\u00f5es e defini\u00e7\u00f5es estrat\u00e9gias que o SINICESP conquistou a grandeza atual e o respeito institucional das entidades da infraestrutura nacional<\/em>\u201d, ressaltou Carlos Silveira.<br><br>Ao agradecer a homenagem concedida, Marco T\u00fallio Bottino afirmou que, o que mais emociona uma pessoa que procurou se dedicar a um projeto de vida, desde rec\u00e9m-formado, \u00e9 exatamente ter esse reconhecimento.<br><br>\u201cQuando<em> os pr\u00f3ceres da constru\u00e7\u00e3o me chamaram para pensar na funda\u00e7\u00e3o do Sindicato, eu tinha 30 anos de idade. Eu entendi que n\u00e3o era a miss\u00e3o e nem tarefa para um jovem. Mas esses eminentes senhores, muito mais por amizade do que por reconhecimento, insistiram para que eu elaborasse o estatuto do Sindicato. N\u00e3o pude recusar esse pedido, e assim foi feito. Reitero o meu agradecimento, pela homenagem, aos meus antigos presidentes e ao atual, S\u00e9rgio Senhorini<\/em>\u201d, afirmou.<br><br>Segundo Bottino, em determinado momento, talvez pela sua longevidade, ele disse aos diretores Daniel Fraschetti e Olavo Neto, e ao atual presidente, S\u00e9rgio Senhorini, que era hora de os jovens assumirem suas responsabilidades nesta entidade que j\u00e1 existe h\u00e1 quase seis d\u00e9cadas.\u00a0<br><br><strong>Autoridades e entidades<\/strong><br><br>O secret\u00e1rio Municipal de infraestrutura Urbana e Obras, Marcos Monteiro, esteve na homenagem, representando o prefeito Ricardo Nunes. Em seu pronunciamento, o Secret\u00e1rio desejou uma produtiva gest\u00e3o \u00e0 nova diretoria do SINICESP, fortalecida, sobretudo, pelo canal institucional estabelecido entre as duas entidades, ao longo dos anos.<\/p><\/div><\/div>\n\n\n\n<div class=\"wp-block-uagb-image aligncenter uagb-block-4aba9edb wp-block-uagb-image--layout-default wp-block-uagb-image--effect-static wp-block-uagb-image--align-center\"><figure class=\"wp-block-uagb-image__figure\"><img decoding=\"async\" srcset=\"https:\/\/sinicesp.org.br\/wp-content\/uploads\/2025\/05\/sinimail-2025-21-interna5.jpg ,https:\/\/sinicesp.org.br\/wp-content\/uploads\/2025\/05\/sinimail-2025-21-interna5.jpg 780w, https:\/\/sinicesp.org.br\/wp-content\/uploads\/2025\/05\/sinimail-2025-21-interna5.jpg 360w\" sizes=\"auto, (max-width: 480px) 150px\" src=\"https:\/\/sinicesp.org.br\/wp-content\/uploads\/2025\/05\/sinimail-2025-21-interna5.jpg\" alt=\"\" class=\"uag-image-7002\" width=\"900\" height=\"510\" title=\"sinimail-2025-21-interna5\" loading=\"lazy\" role=\"img\"\/><figcaption class=\"uagb-image-caption\"><strong><em>O Secret\u00e1rio Marcos Monteiro representou o prefeito Ricardo Nunes<\/em><\/strong><\/figcaption><\/figure><\/div>\n\n\n\n<div id=\"section-g-801uew0\" class=\"wp-block-gutentor-e0 section-g-801uew0 gutentor-element gutentor-element-advanced-text text-align-justify-desktop\"><div class=\"gutentor-text-wrap\"><p class=\"gutentor-text\">V\u00e1rios representantes de entidades e autoridades estiveram presentes ao jantar, entre eles, o deputado estadual Ricardo Madalena, presidente da Comiss\u00e3o de Transportes da Assembleia Legislativa de S\u00e3o Paulo, Sr. Rafael Cervone,\u00a0 presidente do CIESP e primeiro vice-presidente da FIESP, Sr. Ant\u00f4nio Martins, representando o presidente do Tribunal de Contas do Munic\u00edpio, Conselheiro Domingos Dissei, e Jos\u00e9 Alberto Pereira Ribeiro, presidente da BRASINFRA.<br><br>Tamb\u00e9m foram recebidas mensagens de justificativa pela aus\u00eancia e cumprimentos com votos de sucesso \u00e0 nova diretoria de diversas autoridades e entidades parceiras, entre elas,\u00a0 do Excelent\u00edssimo Senhor vice-presidente da Rep\u00fablica e ministro do Desenvolvimento, Ind\u00fastria, Com\u00e9rcio e Servi\u00e7os, Geraldo Alckmin, do ministro dos Transportes, Renan Filho, do presidente do Supremo Tribunal Federal, ministro Lu\u00eds Roberto Barroso, do governador em Exerc\u00edcio do Estado de S\u00e3o Paulo, Fel\u00edcio Ramuth, do presidente do Tribunal de Contas do Estado de S\u00e3o Paulo, Antonio Roque Citadini, do presidente da Assembleia Legislativa do Estado de S\u00e3o Paulo,\u00a0 deputado Andr\u00e9 do Prado, do secret\u00e1rio estadual de Governo e Rela\u00e7\u00f5es Institucionais, Gilberto Kassab, e do secret\u00e1rio executivo da Secretaria Municipal de Governo e Rela\u00e7\u00f5es Institucionais, Marcos Penido.<\/p><\/div><\/div>\n\n\n\n<div class=\"wp-block-buttons is-content-justification-center is-layout-flex wp-container-core-buttons-is-layout-a89b3969 wp-block-buttons-is-layout-flex\">\n<div class=\"wp-block-button\"><a class=\"wp-block-button__link has-text-align-center wp-element-button\" href=\"https:\/\/flic.kr\/s\/aHBqjCfe9S\" target=\"_blank\" rel=\"noreferrer noopener\"><strong>Clique aqui e veja a galeria de fotos do evento<\/strong><\/a><\/div>\n<\/div>\n\n\n\n<div style=\"height:40px\" aria-hidden=\"true\" class=\"wp-block-spacer\"><\/div>\n\n\n\n<div id=\"section-g51852a\" class=\"wp-block-gutentor-e6 section-g51852a gutentor-element gutentor-element-image text-align-center-desktop\"><div class=\"gutentor-element-image-box\"><a class=\"gutentor-element-image-link\" href=\"window.print()\"><div class=\"gutentor-image-thumb\"><img decoding=\"async\" class=\"normal-image\" src=\"https:\/\/sinicesp.org.br\/wp-content\/uploads\/2022\/01\/impressora.png\" \/><\/div><\/a><\/div><\/div>\n<\/div><\/section>\n","protected":false},"excerpt":{"rendered":"<p>Um jantar que reuniu empresas associadas, autoridades e representantes de entidades da constru\u00e7\u00e3o pesada marcou a posse solene da nova diretoria do SINICESP \u2013 Sindicato da Ind\u00fastria da Constru\u00e7\u00e3o Pesada do Estado de S\u00e3o Paulo.<\/p>\n","protected":false},"author":1,"featured_media":6996,"comment_status":"closed","ping_status":"closed","sticky":false,"template":"","format":"standard","meta":{"om_disable_all_campaigns":false,"_uag_custom_page_level_css":"","_monsterinsights_skip_tracking":false,"_monsterinsights_sitenote_active":false,"_monsterinsights_sitenote_note":"","_monsterinsights_sitenote_category":0,"site-sidebar-layout":"default","site-content-layout":"default","ast-site-content-layout":"default","site-content-style":"default","site-sidebar-style":"default","ast-global-header-display":"","ast-banner-title-visibility":"","ast-main-header-display":"","ast-hfb-above-header-display":"","ast-hfb-below-header-display":"","ast-hfb-mobile-header-display":"","site-post-title":"disabled","ast-breadcrumbs-content":"disabled","ast-featured-img":"","footer-sml-layout":"","ast-disable-related-posts":"","theme-transparent-header-meta":"default","adv-header-id-meta":"","stick-header-meta":"","header-above-stick-meta":"","header-main-stick-meta":"","header-below-stick-meta":"","astra-migrate-meta-layouts":"set","ast-page-background-enabled":"default","ast-page-background-meta":{"desktop":{"background-color":"","background-image":"","background-repeat":"repeat","background-position":"center center","background-size":"auto","background-attachment":"scroll","background-type":"","background-media":"","overlay-type":"","overlay-color":"","overlay-opacity":"","overlay-gradient":""},"tablet":{"background-color":"","background-image":"","background-repeat":"repeat","background-position":"center center","background-size":"auto","background-attachment":"scroll","background-type":"","background-media":"","overlay-type":"","overlay-color":"","overlay-opacity":"","overlay-gradient":""},"mobile":{"background-color":"","background-image":"","background-repeat":"repeat","background-position":"center center","background-size":"auto","background-attachment":"scroll","background-type":"","background-media":"","overlay-type":"","overlay-color":"","overlay-opacity":"","overlay-gradient":""}},"ast-content-background-meta":{"desktop":{"background-color":"var(--ast-global-color-5)","background-image":"","background-repeat":"repeat","background-position":"center center","background-size":"auto","background-attachment":"scroll","background-type":"","background-media":"","overlay-type":"","overlay-color":"","overlay-opacity":"","overlay-gradient":""},"tablet":{"background-color":"var(--ast-global-color-5)","background-image":"","background-repeat":"repeat","background-position":"center center","background-size":"auto","background-attachment":"scroll","background-type":"","background-media":"","overlay-type":"","overlay-color":"","overlay-opacity":"","overlay-gradient":""},"mobile":{"background-color":"var(--ast-global-color-5)","background-image":"","background-repeat":"repeat","background-position":"center center","background-size":"auto","background-attachment":"scroll","background-type":"","background-media":"","overlay-type":"","overlay-color":"","overlay-opacity":"","overlay-gradient":""}},"footnotes":""},"categories":[3],"tags":[526],"class_list":["post-6995","post","type-post","status-publish","format-standard","has-post-thumbnail","hentry","category-sinimail","tag-sinimail-no-21-22-05-2025"],"aioseo_notices":[],"gutentor_comment":0,"uagb_featured_image_src":{"full":["https:\/\/sinicesp.org.br\/wp-content\/uploads\/2025\/05\/sinimail-2025-21-destaque.jpg",250,167,false],"thumbnail":["https:\/\/sinicesp.org.br\/wp-content\/uploads\/2025\/05\/sinimail-2025-21-destaque-150x150.jpg",150,150,true],"medium":["https:\/\/sinicesp.org.br\/wp-content\/uploads\/2025\/05\/sinimail-2025-21-destaque.jpg",250,167,false],"medium_large":["https:\/\/sinicesp.org.br\/wp-content\/uploads\/2025\/05\/sinimail-2025-21-destaque.jpg",250,167,false],"large":["https:\/\/sinicesp.org.br\/wp-content\/uploads\/2025\/05\/sinimail-2025-21-destaque.jpg",250,167,false],"1536x1536":["https:\/\/sinicesp.org.br\/wp-content\/uploads\/2025\/05\/sinimail-2025-21-destaque.jpg",250,167,false],"2048x2048":["https:\/\/sinicesp.org.br\/wp-content\/uploads\/2025\/05\/sinimail-2025-21-destaque.jpg",250,167,false]},"uagb_author_info":{"display_name":"Rodrigo","author_link":"https:\/\/sinicesp.org.br\/index.php\/author\/sinicesp\/"},"uagb_comment_info":0,"uagb_excerpt":"Um jantar que reuniu empresas associadas, autoridades e representantes de entidades da constru\u00e7\u00e3o pesada marcou a posse solene da nova diretoria do SINICESP \u2013 Sindicato da Ind\u00fastria da Constru\u00e7\u00e3o Pesada do Estado de S\u00e3o Paulo.","_links":{"self":[{"href":"https:\/\/sinicesp.org.br\/index.php\/wp-json\/wp\/v2\/posts\/6995","targetHints":{"allow":["GET"]}}],"collection":[{"href":"https:\/\/sinicesp.org.br\/index.php\/wp-json\/wp\/v2\/posts"}],"about":[{"href":"https:\/\/sinicesp.org.br\/index.php\/wp-json\/wp\/v2\/types\/post"}],"author":[{"embeddable":true,"href":"https:\/\/sinicesp.org.br\/index.php\/wp-json\/wp\/v2\/users\/1"}],"replies":[{"embeddable":true,"href":"https:\/\/sinicesp.org.br\/index.php\/wp-json\/wp\/v2\/comments?post=6995"}],"version-history":[{"count":0,"href":"https:\/\/sinicesp.org.br\/index.php\/wp-json\/wp\/v2\/posts\/6995\/revisions"}],"wp:featuredmedia":[{"embeddable":true,"href":"https:\/\/sinicesp.org.br\/index.php\/wp-json\/wp\/v2\/media\/6996"}],"wp:attachment":[{"href":"https:\/\/sinicesp.org.br\/index.php\/wp-json\/wp\/v2\/media?parent=6995"}],"wp:term":[{"taxonomy":"category","embeddable":true,"href":"https:\/\/sinicesp.org.br\/index.php\/wp-json\/wp\/v2\/categories?post=6995"},{"taxonomy":"post_tag","embeddable":true,"href":"https:\/\/sinicesp.org.br\/index.php\/wp-json\/wp\/v2\/tags?post=6995"}],"curies":[{"name":"wp","href":"https:\/\/api.w.org\/{rel}","templated":true}]}}