{"id":7330,"date":"2025-08-27T11:40:28","date_gmt":"2025-08-27T14:40:28","guid":{"rendered":"https:\/\/sinicesp.org.br\/?p=7330"},"modified":"2025-08-27T11:40:29","modified_gmt":"2025-08-27T14:40:29","slug":"stf-tem-maioria-para-rejeitar-inclusao-de-empresa-do-mesmo-grupo-em-condenacao-trabalhista","status":"publish","type":"post","link":"https:\/\/sinicesp.org.br\/index.php\/2025\/08\/27\/stf-tem-maioria-para-rejeitar-inclusao-de-empresa-do-mesmo-grupo-em-condenacao-trabalhista\/","title":{"rendered":"STF tem maioria para rejeitar inclus\u00e3o de empresa do mesmo grupo em condena\u00e7\u00e3o trabalhista"},"content":{"rendered":"\n<section class=\"wp-block-uagb-section uagb-section__wrap uagb-section__background-color uagb-block-d5a5581e\"><div class=\"uagb-section__overlay\"><\/div><div class=\"uagb-section__inner-wrap\">\n<div style=\"height:10px\" aria-hidden=\"true\" class=\"wp-block-spacer\"><\/div>\n\n\n\n<div class=\"wp-block-uagb-advanced-heading uagb-block-36d776d1\"><h3 class=\"uagb-heading-text\"><br><strong>Boletim Jur\u00eddico n\u00ba 08 &#8211; 27\/08\/2025<\/strong><\/h3><div class=\"uagb-separator\"><\/div><\/div>\n<\/div><\/section>\n\n\n\n<section class=\"wp-block-uagb-section uagb-section__wrap uagb-section__background-color uagb-block-39dd2c69\"><div class=\"uagb-section__overlay\"><\/div><div class=\"uagb-section__inner-wrap\">\n<h2 class=\"wp-block-heading has-text-color\" id=\"stf-custas-poderao-ser-recolhidas-por-pix-ou-cartao-a-partir-de-abril\" style=\"color:#0767b1\"><strong><strong><strong><strong><strong><strong><strong><strong><strong><strong><strong>STF tem maioria para rejeitar inclus\u00e3o de empresa do mesmo grupo em condena\u00e7\u00e3o trabalhista<\/strong><\/strong><\/strong><\/strong><\/strong><\/strong><\/strong><\/strong><\/strong><\/strong><\/strong><\/h2>\n\n\n\n<div style=\"height:20px\" aria-hidden=\"true\" class=\"wp-block-spacer\"><\/div>\n\n\n\n<p>O Plen\u00e1rio do Supremo Tribunal Federal (STF) formou maioria de votos, na quinta-feira, dia 07 de agosto, para rejeitar a inclus\u00e3o de empresas de um mesmo grupo econ\u00f4mico na fase de cobran\u00e7a de uma condena\u00e7\u00e3o trabalhista (execu\u00e7\u00e3o), mesmo que essas empresas n\u00e3o tenham participado da fase do processo que resultou na condena\u00e7\u00e3o. A an\u00e1lise do caso foi suspensa pelo presidente da Corte, ministro Lu\u00eds Roberto Barroso, para a constru\u00e7\u00e3o de uma proposta intermedi\u00e1ria entre as diferentes contribui\u00e7\u00f5es apresentadas.<\/p>\n\n\n\n<p>A quest\u00e3o est\u00e1 sendo discutida no Recurso Extraordin\u00e1rio&nbsp;<a href=\"https:\/\/portal.stf.jus.br\/processos\/detalhe.asp?incidente=6422105\" target=\"_blank\" rel=\"noreferrer noopener\"><strong>(RE) 1387795<\/strong><\/a>, com repercuss\u00e3o geral reconhecida (Tema 1.232). O julgamento foi retomado ap\u00f3s pedido de vista (mais tempo para an\u00e1lise) feito pelo ministro Alexandre de Moraes, em fevereiro.<\/p>\n\n\n\n<p><strong>Diverg\u00eancia<\/strong><\/p>\n\n\n\n<p>Ao votar na sess\u00e3o desta quinta (7), o ministro Alexandre de Moraes acompanhou a diverg\u00eancia aberta pelo ministro Edson Fachin. Para eles, a regra que permite a inclus\u00e3o de empresa do mesmo grupo econ\u00f4mico na execu\u00e7\u00e3o trabalhista deve ser mantida, mesmo que essa empresa n\u00e3o tenha participado da fase de conhecimento do processo. Para o ministro Alexandre, a empresa inclu\u00edda na execu\u00e7\u00e3o deve ter garantido o direito de provar que n\u00e3o faz parte do grupo econ\u00f4mico.<\/p>\n\n\n\n<p>\u201cA impossibilidade de inclus\u00e3o acaba prejudicando enormemente a prote\u00e7\u00e3o trabalhista e afeta o prop\u00f3sito da altera\u00e7\u00e3o legislativa [Reforma Trabalhista de 2017], que buscava contrabalan\u00e7ar outras quest\u00f5es relativizadas\u201d, afirmou. \u201cO afastamento dessa previs\u00e3o trar\u00e1 grande preju\u00edzo aos trabalhadores\u201d.<\/p>\n\n\n\n<p><strong>Maioria<\/strong><\/p>\n\n\n\n<p>At\u00e9 o momento, seis ministros entendem que n\u00e3o \u00e9 poss\u00edvel incluir a empresa do mesmo grupo na fase de execu\u00e7\u00e3o se ela n\u00e3o participou da discuss\u00e3o do caso na Justi\u00e7a do Trabalho. Para essa corrente, a inclus\u00e3o deve ser medida excepcional, aplicada apenas em casos&nbsp;comprovados&nbsp;de abuso ou fraude \u2014 como quando ocorre o encerramento da pessoa jur\u00eddica para fugir das responsabilidades.<\/p>\n\n\n\n<p>Essa posi\u00e7\u00e3o foi adotada pelo relator, ministro Dias Toffoli, que adaptou seu voto para incluir uma proposta do ministro Cristiano Zanin. Seguiram esse entendimento os ministros Fl\u00e1vio Dino, Andr\u00e9 Mendon\u00e7a, Nunes Marques (que j\u00e1 haviam votado anteriormente) e Luiz Fux, que votou nesta quinta-feira (7).<\/p>\n\n\n\n<p>Para os ministros que formaram a maioria, a empresa que venha a ser chamada a responder pelas condena\u00e7\u00f5es de outra do mesmo grupo deve ter o direito de apresentar seus argumentos \u00e0 Justi\u00e7a, participando do processo desde o in\u00edcio. Essa medida visa garantir os princ\u00edpios constitucionais do contradit\u00f3rio, da ampla defesa e do devido processo legal.<\/p>\n\n\n\n<p><strong>O caso<\/strong><\/p>\n\n\n\n<p>O recurso em an\u00e1lise foi apresentado pela Rodovias das Colinas S.A. contra decis\u00e3o do Tribunal Superior do Trabalho (TST) que autorizou sua inclus\u00e3o na execu\u00e7\u00e3o de senten\u00e7a trabalhista, mesmo sem sua participa\u00e7\u00e3o desde o in\u00edcio do processo. Isso permite a penhora ou bloqueio de bens para garantir o pagamento da d\u00edvida pela qual outra empresa do grupo foi condenada.<\/p>\n\n\n\n<p>Em maio de 2023, o relator determinou a suspens\u00e3o nacional de todos os processos sobre o tema, visando preservar a seguran\u00e7a jur\u00eddica, diante das diverg\u00eancias existentes nas Turmas do STF.<\/p>\n\n\n\n<p>A regra em debate foi inclu\u00edda na Consolida\u00e7\u00e3o das Leis do Trabalho (CLT) pela Reforma Trabalhista de 2017, que estabeleceu a responsabilidade solid\u00e1ria das empresas integrantes de um grupo econ\u00f4mico pelas obriga\u00e7\u00f5es trabalhistas.<\/p>\n\n\n\n<p>(Lucas Mendes\/CR\/\/AD) <\/p>\n\n\n\n<p><strong>Fonte: STF<\/strong><\/p>\n\n\n\n<div style=\"height:70px\" aria-hidden=\"true\" class=\"wp-block-spacer\"><\/div>\n\n\n\n<div id=\"section-gae4aee\" class=\"wp-block-gutentor-e6 section-gae4aee gutentor-element gutentor-element-image text-align-center-desktop\"><div class=\"gutentor-element-image-box\"><a class=\"gutentor-element-image-link\" href=\"window.print()\"><div class=\"gutentor-image-thumb\"><img decoding=\"async\" class=\"normal-image\" src=\"https:\/\/sinicesp.org.br\/wp-content\/uploads\/2022\/01\/impressora.png\" \/><\/div><\/a><\/div><\/div>\n<\/div><\/section>\n","protected":false},"excerpt":{"rendered":"<p>Julgamento foi suspenso pelo presidente para elabora\u00e7\u00e3o de uma proposta intermedi\u00e1ria entre as posi\u00e7\u00f5es divergentes.<\/p>\n","protected":false},"author":1,"featured_media":7333,"comment_status":"closed","ping_status":"closed","sticky":false,"template":"","format":"standard","meta":{"om_disable_all_campaigns":false,"_uag_custom_page_level_css":"","_monsterinsights_skip_tracking":false,"_monsterinsights_sitenote_active":false,"_monsterinsights_sitenote_note":"","_monsterinsights_sitenote_category":0,"site-sidebar-layout":"default","site-content-layout":"default","ast-site-content-layout":"default","site-content-style":"default","site-sidebar-style":"default","ast-global-header-display":"","ast-banner-title-visibility":"","ast-main-header-display":"","ast-hfb-above-header-display":"","ast-hfb-below-header-display":"","ast-hfb-mobile-header-display":"","site-post-title":"disabled","ast-breadcrumbs-content":"disabled","ast-featured-img":"","footer-sml-layout":"","ast-disable-related-posts":"","theme-transparent-header-meta":"default","adv-header-id-meta":"","stick-header-meta":"","header-above-stick-meta":"","header-main-stick-meta":"","header-below-stick-meta":"","astra-migrate-meta-layouts":"set","ast-page-background-enabled":"default","ast-page-background-meta":{"desktop":{"background-color":"","background-image":"","background-repeat":"repeat","background-position":"center center","background-size":"auto","background-attachment":"scroll","background-type":"","background-media":"","overlay-type":"","overlay-color":"","overlay-opacity":"","overlay-gradient":""},"tablet":{"background-color":"","background-image":"","background-repeat":"repeat","background-position":"center center","background-size":"auto","background-attachment":"scroll","background-type":"","background-media":"","overlay-type":"","overlay-color":"","overlay-opacity":"","overlay-gradient":""},"mobile":{"background-color":"","background-image":"","background-repeat":"repeat","background-position":"center center","background-size":"auto","background-attachment":"scroll","background-type":"","background-media":"","overlay-type":"","overlay-color":"","overlay-opacity":"","overlay-gradient":""}},"ast-content-background-meta":{"desktop":{"background-color":"var(--ast-global-color-5)","background-image":"","background-repeat":"repeat","background-position":"center center","background-size":"auto","background-attachment":"scroll","background-type":"","background-media":"","overlay-type":"","overlay-color":"","overlay-opacity":"","overlay-gradient":""},"tablet":{"background-color":"var(--ast-global-color-5)","background-image":"","background-repeat":"repeat","background-position":"center center","background-size":"auto","background-attachment":"scroll","background-type":"","background-media":"","overlay-type":"","overlay-color":"","overlay-opacity":"","overlay-gradient":""},"mobile":{"background-color":"var(--ast-global-color-5)","background-image":"","background-repeat":"repeat","background-position":"center center","background-size":"auto","background-attachment":"scroll","background-type":"","background-media":"","overlay-type":"","overlay-color":"","overlay-opacity":"","overlay-gradient":""}},"footnotes":""},"categories":[4],"tags":[542],"class_list":["post-7330","post","type-post","status-publish","format-standard","has-post-thumbnail","hentry","category-boletim-juridico","tag-boletim-juridico-no-08-27-08-2025"],"aioseo_notices":[],"gutentor_comment":0,"uagb_featured_image_src":{"full":["https:\/\/sinicesp.org.br\/wp-content\/uploads\/2025\/08\/boletim-juridico-2025-08c-pequena.jpg",250,167,false],"thumbnail":["https:\/\/sinicesp.org.br\/wp-content\/uploads\/2025\/08\/boletim-juridico-2025-08c-pequena-150x150.jpg",150,150,true],"medium":["https:\/\/sinicesp.org.br\/wp-content\/uploads\/2025\/08\/boletim-juridico-2025-08c-pequena.jpg",250,167,false],"medium_large":["https:\/\/sinicesp.org.br\/wp-content\/uploads\/2025\/08\/boletim-juridico-2025-08c-pequena.jpg",250,167,false],"large":["https:\/\/sinicesp.org.br\/wp-content\/uploads\/2025\/08\/boletim-juridico-2025-08c-pequena.jpg",250,167,false],"1536x1536":["https:\/\/sinicesp.org.br\/wp-content\/uploads\/2025\/08\/boletim-juridico-2025-08c-pequena.jpg",250,167,false],"2048x2048":["https:\/\/sinicesp.org.br\/wp-content\/uploads\/2025\/08\/boletim-juridico-2025-08c-pequena.jpg",250,167,false]},"uagb_author_info":{"display_name":"Rodrigo","author_link":"https:\/\/sinicesp.org.br\/index.php\/author\/sinicesp\/"},"uagb_comment_info":0,"uagb_excerpt":"Julgamento foi suspenso pelo presidente para elabora\u00e7\u00e3o de uma proposta intermedi\u00e1ria entre as posi\u00e7\u00f5es divergentes.","_links":{"self":[{"href":"https:\/\/sinicesp.org.br\/index.php\/wp-json\/wp\/v2\/posts\/7330","targetHints":{"allow":["GET"]}}],"collection":[{"href":"https:\/\/sinicesp.org.br\/index.php\/wp-json\/wp\/v2\/posts"}],"about":[{"href":"https:\/\/sinicesp.org.br\/index.php\/wp-json\/wp\/v2\/types\/post"}],"author":[{"embeddable":true,"href":"https:\/\/sinicesp.org.br\/index.php\/wp-json\/wp\/v2\/users\/1"}],"replies":[{"embeddable":true,"href":"https:\/\/sinicesp.org.br\/index.php\/wp-json\/wp\/v2\/comments?post=7330"}],"version-history":[{"count":1,"href":"https:\/\/sinicesp.org.br\/index.php\/wp-json\/wp\/v2\/posts\/7330\/revisions"}],"predecessor-version":[{"id":7334,"href":"https:\/\/sinicesp.org.br\/index.php\/wp-json\/wp\/v2\/posts\/7330\/revisions\/7334"}],"wp:featuredmedia":[{"embeddable":true,"href":"https:\/\/sinicesp.org.br\/index.php\/wp-json\/wp\/v2\/media\/7333"}],"wp:attachment":[{"href":"https:\/\/sinicesp.org.br\/index.php\/wp-json\/wp\/v2\/media?parent=7330"}],"wp:term":[{"taxonomy":"category","embeddable":true,"href":"https:\/\/sinicesp.org.br\/index.php\/wp-json\/wp\/v2\/categories?post=7330"},{"taxonomy":"post_tag","embeddable":true,"href":"https:\/\/sinicesp.org.br\/index.php\/wp-json\/wp\/v2\/tags?post=7330"}],"curies":[{"name":"wp","href":"https:\/\/api.w.org\/{rel}","templated":true}]}}