{"id":7938,"date":"2026-04-08T14:42:17","date_gmt":"2026-04-08T17:42:17","guid":{"rendered":"https:\/\/sinicesp.org.br\/?p=7938"},"modified":"2026-04-09T14:31:45","modified_gmt":"2026-04-09T17:31:45","slug":"homenagem-na-galeria-dos-ex-presidentes-marca-a-gestao-de-luiz-albert-kamilos-no-sinicesp","status":"publish","type":"post","link":"https:\/\/sinicesp.org.br\/index.php\/2026\/04\/08\/homenagem-na-galeria-dos-ex-presidentes-marca-a-gestao-de-luiz-albert-kamilos-no-sinicesp\/","title":{"rendered":"Homenagem na galeria dos presidentes marca a gest\u00e3o de Luiz Albert Kamilos no SINICESP"},"content":{"rendered":"\n<section class=\"wp-block-uagb-section uagb-section__wrap uagb-section__background-undefined alignfull uagb-block-998d3ed5\"><div class=\"uagb-section__overlay\"><\/div><div class=\"uagb-section__inner-wrap\"><\/div><\/section>\n\n\n\n<section class=\"wp-block-uagb-section uagb-section__wrap uagb-section__background-color uagb-block-844792b5\"><div class=\"uagb-section__overlay\"><\/div><div class=\"uagb-section__inner-wrap\">\n<div style=\"height:11px\" aria-hidden=\"true\" class=\"wp-block-spacer\"><\/div>\n\n\n\n<div class=\"wp-block-uagb-advanced-heading uagb-block-49dea6fc\"><h3 class=\"uagb-heading-text\"><br><strong>\u00daltimas Not\u00edcias n\u00ba 05 (08\/04\/2026) <\/strong><\/h3><div class=\"uagb-separator\"><\/div><\/div>\n<\/div><\/section>\n\n\n\n<section class=\"wp-block-uagb-section uagb-section__wrap uagb-section__background-color uagb-block-2bd3adbe\"><div class=\"uagb-section__overlay\"><\/div><div class=\"uagb-section__inner-wrap\">\n<div id=\"section-g-bm8sxlb\" class=\"wp-block-gutentor-e0 section-g-bm8sxlb gutentor-element gutentor-element-advanced-text text-align-left-desktop\"><div class=\"gutentor-text-wrap\"><h2 class=\"gutentor-text\"><strong><strong><strong><strong><strong><strong><strong><strong><strong><strong><strong><strong><strong>Homenagem na galeria dos presidentes marca a gest\u00e3o de Luiz Albert Kamilos no SINICESP<\/strong><\/strong><\/strong><\/strong><\/strong><\/strong><\/strong><\/strong><\/strong><\/strong><\/strong><\/strong><\/strong><\/h2><\/div><\/div>\n\n\n\n<div style=\"height:20px\" aria-hidden=\"true\" class=\"wp-block-spacer\"><\/div>\n\n\n\n<p>Cerim\u00f4nia realizada no dia 07 de abril, na sede do SINICESP, marcou a inaugura\u00e7\u00e3o do retrato de Luiz Albert Kamilos na galeria dos presidentes do Sindicato. Kamilos presidiu o SINICESP entre 11 de mar\u00e7o de 2017 a 10 de mar\u00e7o de 2025.<\/p>\n\n\n\n<p>A abertura da homenagem foi feita pelo diretor-executivo Marco T\u00fallio Bottino, que destacou a valorosa contribui\u00e7\u00e3o de Kamilos na presid\u00eancia do SINICESP, durante os oito anos que esteve dirigindo a entidade.&nbsp;<\/p>\n\n\n\n<p>O presidente S\u00e9rgio Senhorini afirmou que a sala de reuni\u00f5es onde est\u00e1 a galeria de fotos \u00e9 um local inspirador. Ela evoca para os empres\u00e1rios do setor o legado de lutas e vit\u00f3rias das construtoras paulistas .<\/p>\n\n\n\n<p>\u201cCada um dos presidentes, aqui representados nas imagens, soube de forma democr\u00e1tica, respons\u00e1vel&nbsp; e competente conduzir o fortalecimento da constru\u00e7\u00e3o rodovi\u00e1ria&nbsp; paulista desde 1969\u201d, afirmou Senhorini.<\/p>\n\n\n\n<p>Segundo S\u00e9rgio Senhorini, ao figurar como integrante desta galeria, Luiz Kamilos ratifica o empenho dos dirigentes que souberam defender as causas das construtoras, marcando seu lugar na hist\u00f3ria da constru\u00e7\u00e3o pesada paulista.<\/p>\n\n\n\n<p>Para Luiz Kamilos, falar do SINICESP \u00e9 falar da hist\u00f3ria da infraestrutura de S\u00e3o Paulo. \u201cH\u00e1 40 anos, como representante de empresa associada ao Sindicato, eu acompanho as conquistas, lutas e bandeiras defendidas pela entidade em seu papel de representar as empresas da constru\u00e7\u00e3o pesada paulista\u201d afirmou. <\/p>\n\n\n\n<p>Desde sua funda\u00e7\u00e3o, dez presidentes empunharam a bandeira do SINICESP para atuar como presidentes em nome do setor de constru\u00e7\u00e3o e conserva\u00e7\u00e3o de rodovias.<\/p>\n\n\n\n<p>\u201cUma conjun\u00e7\u00e3o de fatores e a confian\u00e7a depositada em mim, pelas empresas desse sindicato, resultaram na minha elei\u00e7\u00e3o para a presid\u00eancia do SINICESP em 11 de mar\u00e7o de 2017\u201d, disse Kamilos.<\/p>\n\n\n\n<p>\u201cAceitei o desafio, ciente das dificuldades, mas n\u00e3o esperava que fossem tantas. O imponder\u00e1vel nos abra\u00e7ou, com a pandemia mundial do COVID 19, mesmo assim, o setor da constru\u00e7\u00e3o pesada paulista foi um dos poucos que soube se adaptar de forma plena \u00e0s a\u00e7\u00f5es de preven\u00e7\u00e3o e n\u00e3o interrompeu suas atividades\u201d<\/p>\n\n\n\n<p>\u201cEnfrentamos todos os desafios com transpar\u00eancia, objetividade e ampla participa\u00e7\u00e3o das empresas associadas, sempre colaborando com as autoridades, no estudo de solu\u00e7\u00e3o de problemas que se relacionaram com as nossas atividades\u201d. <\/p>\n\n\n\n<p>A fam\u00edlia de Luiz Kamilos acompanhou a homenagem. Estiveram presentes a esposa,&nbsp; Sarah Maria Kamilos, a irm\u00e3 Vivian Kamilos Assi, as filhas Bruna Kamilos Khalil e Karla Luiz Kamilos; a neta Giulia Khalil e o sobrinho Rafael Kamilos.<\/p>\n\n\n\n<div style=\"height:20px\" aria-hidden=\"true\" class=\"wp-block-spacer\"><\/div>\n\n\n\n<div class=\"wp-block-uagb-image aligncenter uagb-block-4c899ddd wp-block-uagb-image--layout-default wp-block-uagb-image--effect-static wp-block-uagb-image--align-center\"><figure class=\"wp-block-uagb-image__figure\"><img decoding=\"async\" srcset=\"https:\/\/sinicesp.org.br\/wp-content\/uploads\/2026\/04\/ultimas-2026-05-interna01.jpg ,https:\/\/sinicesp.org.br\/wp-content\/uploads\/2026\/04\/ultimas-2026-05-interna01.jpg 780w, https:\/\/sinicesp.org.br\/wp-content\/uploads\/2026\/04\/ultimas-2026-05-interna01.jpg 360w\" sizes=\"auto, (max-width: 480px) 150px\" src=\"https:\/\/sinicesp.org.br\/wp-content\/uploads\/2026\/04\/ultimas-2026-05-interna01.jpg\" alt=\"\" class=\"uag-image-7944\" width=\"800\" height=\"480\" title=\"ultimas-2026-05-interna01\" loading=\"lazy\" role=\"img\"\/><figcaption class=\"uagb-image-caption\">Kamilos: \u201cenfrentamos todos os desafios com transpar\u00eancia, objetividade e ampla participa\u00e7\u00e3o das empresas associadas\u201d<\/figcaption><\/figure><\/div>\n\n\n\n<div class=\"wp-block-uagb-image aligncenter uagb-block-31f5d200 wp-block-uagb-image--layout-default wp-block-uagb-image--effect-static wp-block-uagb-image--align-center\"><figure class=\"wp-block-uagb-image__figure\"><img decoding=\"async\" srcset=\"https:\/\/sinicesp.org.br\/wp-content\/uploads\/2026\/04\/ultimas-2026-05-interna02.jpg ,https:\/\/sinicesp.org.br\/wp-content\/uploads\/2026\/04\/ultimas-2026-05-interna02.jpg 780w, https:\/\/sinicesp.org.br\/wp-content\/uploads\/2026\/04\/ultimas-2026-05-interna02.jpg 360w\" sizes=\"auto, (max-width: 480px) 150px\" src=\"https:\/\/sinicesp.org.br\/wp-content\/uploads\/2026\/04\/ultimas-2026-05-interna02.jpg\" alt=\"\" class=\"uag-image-7943\" width=\"800\" height=\"480\" title=\"ultimas-2026-05-interna02\" loading=\"lazy\" role=\"img\"\/><figcaption class=\"uagb-image-caption\">Sarah Kamilos faz o descerramento da foto<\/figcaption><\/figure><\/div>\n\n\n\n<div class=\"wp-block-uagb-image aligncenter uagb-block-550d32cc wp-block-uagb-image--layout-default wp-block-uagb-image--effect-static wp-block-uagb-image--align-center\"><figure class=\"wp-block-uagb-image__figure\"><img decoding=\"async\" srcset=\"https:\/\/sinicesp.org.br\/wp-content\/uploads\/2026\/04\/ultimas-2026-05-interna03.jpg ,https:\/\/sinicesp.org.br\/wp-content\/uploads\/2026\/04\/ultimas-2026-05-interna03.jpg 780w, https:\/\/sinicesp.org.br\/wp-content\/uploads\/2026\/04\/ultimas-2026-05-interna03.jpg 360w\" sizes=\"auto, (max-width: 480px) 150px\" src=\"https:\/\/sinicesp.org.br\/wp-content\/uploads\/2026\/04\/ultimas-2026-05-interna03.jpg\" alt=\"\" class=\"uag-image-7942\" width=\"800\" height=\"480\" title=\"ultimas-2026-05-interna03\" loading=\"lazy\" role=\"img\"\/><figcaption class=\"uagb-image-caption\">Da esquerda para direita: Iracema Medeiros, Claudio de Sena, Olavo Amorim Neto, S\u00e9rgio Senhorini, Luiz Kamilos e Marco T\u00fallio<\/figcaption><\/figure><\/div>\n\n\n\n<div class=\"wp-block-uagb-image aligncenter uagb-block-eb5936a2 wp-block-uagb-image--layout-default wp-block-uagb-image--effect-static wp-block-uagb-image--align-center\"><figure class=\"wp-block-uagb-image__figure\"><img decoding=\"async\" srcset=\"https:\/\/sinicesp.org.br\/wp-content\/uploads\/2026\/04\/ultimas-2026-05-interna04.jpg ,https:\/\/sinicesp.org.br\/wp-content\/uploads\/2026\/04\/ultimas-2026-05-interna04.jpg 780w, https:\/\/sinicesp.org.br\/wp-content\/uploads\/2026\/04\/ultimas-2026-05-interna04.jpg 360w\" sizes=\"auto, (max-width: 480px) 150px\" src=\"https:\/\/sinicesp.org.br\/wp-content\/uploads\/2026\/04\/ultimas-2026-05-interna04.jpg\" alt=\"\" class=\"uag-image-7941\" width=\"800\" height=\"480\" title=\"ultimas-2026-05-interna04\" loading=\"lazy\" role=\"img\"\/><figcaption class=\"uagb-image-caption\">Da esquerda para direita: Giulia Khalil, Karla Kamilos, Sarah Kamilos, Luiz Kamilos, Bruna Kamilos, Rafael Kamilos e Vivian Assi<\/figcaption><\/figure><\/div>\n\n\n\n<div style=\"height:70px\" aria-hidden=\"true\" class=\"wp-block-spacer\"><\/div>\n\n\n\n<div id=\"section-gd731a4\" class=\"wp-block-gutentor-e6 section-gd731a4 gutentor-element gutentor-element-image text-align-center-desktop\"><div class=\"gutentor-element-image-box\"><a class=\"gutentor-element-image-link\" href=\"window.print()\"><div class=\"gutentor-image-thumb\"><img decoding=\"async\" class=\"normal-image\" src=\"https:\/\/sinicesp.org.br\/wp-content\/uploads\/2022\/01\/impressora.png\" \/><\/div><\/a><\/div><\/div>\n<\/div><\/section>\n","protected":false},"excerpt":{"rendered":"<p>Uma cerim\u00f4nia realizada no dia 07 de abril, na sede do SINICESP, marcou a inaugura\u00e7\u00e3o da foto de Luiz Albert Kamilos na galeria dos ex-presidentes do Sindicato. Kamilos presidiu o SINICESP  no per\u00edodo de 11 de mar\u00e7o de 2017 a 10 de mar\u00e7o de 2025. <\/p>\n","protected":false},"author":1,"featured_media":7949,"comment_status":"closed","ping_status":"closed","sticky":false,"template":"","format":"standard","meta":{"om_disable_all_campaigns":false,"_uag_custom_page_level_css":"","_monsterinsights_skip_tracking":false,"_monsterinsights_sitenote_active":false,"_monsterinsights_sitenote_note":"","_monsterinsights_sitenote_category":0,"site-sidebar-layout":"default","site-content-layout":"plain-container","ast-site-content-layout":"normal-width-container","site-content-style":"unboxed","site-sidebar-style":"unboxed","ast-global-header-display":"","ast-banner-title-visibility":"","ast-main-header-display":"","ast-hfb-above-header-display":"","ast-hfb-below-header-display":"","ast-hfb-mobile-header-display":"","site-post-title":"disabled","ast-breadcrumbs-content":"","ast-featured-img":"disabled","footer-sml-layout":"","ast-disable-related-posts":"","theme-transparent-header-meta":"default","adv-header-id-meta":"","stick-header-meta":"","header-above-stick-meta":"","header-main-stick-meta":"","header-below-stick-meta":"","astra-migrate-meta-layouts":"set","ast-page-background-enabled":"default","ast-page-background-meta":{"desktop":{"background-color":"","background-image":"","background-repeat":"repeat","background-position":"center center","background-size":"auto","background-attachment":"scroll","background-type":"","background-media":"","overlay-type":"","overlay-color":"","overlay-opacity":"","overlay-gradient":""},"tablet":{"background-color":"","background-image":"","background-repeat":"repeat","background-position":"center center","background-size":"auto","background-attachment":"scroll","background-type":"","background-media":"","overlay-type":"","overlay-color":"","overlay-opacity":"","overlay-gradient":""},"mobile":{"background-color":"","background-image":"","background-repeat":"repeat","background-position":"center center","background-size":"auto","background-attachment":"scroll","background-type":"","background-media":"","overlay-type":"","overlay-color":"","overlay-opacity":"","overlay-gradient":""}},"ast-content-background-meta":{"desktop":{"background-color":"var(--ast-global-color-5)","background-image":"","background-repeat":"repeat","background-position":"center center","background-size":"auto","background-attachment":"scroll","background-type":"","background-media":"","overlay-type":"","overlay-color":"","overlay-opacity":"","overlay-gradient":""},"tablet":{"background-color":"var(--ast-global-color-5)","background-image":"","background-repeat":"repeat","background-position":"center center","background-size":"auto","background-attachment":"scroll","background-type":"","background-media":"","overlay-type":"","overlay-color":"","overlay-opacity":"","overlay-gradient":""},"mobile":{"background-color":"var(--ast-global-color-5)","background-image":"","background-repeat":"repeat","background-position":"center center","background-size":"auto","background-attachment":"scroll","background-type":"","background-media":"","overlay-type":"","overlay-color":"","overlay-opacity":"","overlay-gradient":""}},"footnotes":""},"categories":[6],"tags":[580],"class_list":["post-7938","post","type-post","status-publish","format-standard","has-post-thumbnail","hentry","category-ultimas-noticias","tag-ultimas-noticias-no-05-08-04-2026"],"aioseo_notices":[],"gutentor_comment":0,"uagb_featured_image_src":{"full":["https:\/\/sinicesp.org.br\/wp-content\/uploads\/2026\/04\/ultimas-2026-05-destaque.jpg",250,167,false],"thumbnail":["https:\/\/sinicesp.org.br\/wp-content\/uploads\/2026\/04\/ultimas-2026-05-destaque-150x150.jpg",150,150,true],"medium":["https:\/\/sinicesp.org.br\/wp-content\/uploads\/2026\/04\/ultimas-2026-05-destaque.jpg",250,167,false],"medium_large":["https:\/\/sinicesp.org.br\/wp-content\/uploads\/2026\/04\/ultimas-2026-05-destaque.jpg",250,167,false],"large":["https:\/\/sinicesp.org.br\/wp-content\/uploads\/2026\/04\/ultimas-2026-05-destaque.jpg",250,167,false],"1536x1536":["https:\/\/sinicesp.org.br\/wp-content\/uploads\/2026\/04\/ultimas-2026-05-destaque.jpg",250,167,false],"2048x2048":["https:\/\/sinicesp.org.br\/wp-content\/uploads\/2026\/04\/ultimas-2026-05-destaque.jpg",250,167,false]},"uagb_author_info":{"display_name":"Rodrigo","author_link":"https:\/\/sinicesp.org.br\/index.php\/author\/sinicesp\/"},"uagb_comment_info":0,"uagb_excerpt":"Uma cerim\u00f4nia realizada no dia 07 de abril, na sede do SINICESP, marcou a inaugura\u00e7\u00e3o da foto de Luiz Albert Kamilos na galeria dos ex-presidentes do Sindicato. Kamilos presidiu o SINICESP no per\u00edodo de 11 de mar\u00e7o de 2017 a 10 de mar\u00e7o de 2025.","_links":{"self":[{"href":"https:\/\/sinicesp.org.br\/index.php\/wp-json\/wp\/v2\/posts\/7938","targetHints":{"allow":["GET"]}}],"collection":[{"href":"https:\/\/sinicesp.org.br\/index.php\/wp-json\/wp\/v2\/posts"}],"about":[{"href":"https:\/\/sinicesp.org.br\/index.php\/wp-json\/wp\/v2\/types\/post"}],"author":[{"embeddable":true,"href":"https:\/\/sinicesp.org.br\/index.php\/wp-json\/wp\/v2\/users\/1"}],"replies":[{"embeddable":true,"href":"https:\/\/sinicesp.org.br\/index.php\/wp-json\/wp\/v2\/comments?post=7938"}],"version-history":[{"count":11,"href":"https:\/\/sinicesp.org.br\/index.php\/wp-json\/wp\/v2\/posts\/7938\/revisions"}],"predecessor-version":[{"id":7959,"href":"https:\/\/sinicesp.org.br\/index.php\/wp-json\/wp\/v2\/posts\/7938\/revisions\/7959"}],"wp:featuredmedia":[{"embeddable":true,"href":"https:\/\/sinicesp.org.br\/index.php\/wp-json\/wp\/v2\/media\/7949"}],"wp:attachment":[{"href":"https:\/\/sinicesp.org.br\/index.php\/wp-json\/wp\/v2\/media?parent=7938"}],"wp:term":[{"taxonomy":"category","embeddable":true,"href":"https:\/\/sinicesp.org.br\/index.php\/wp-json\/wp\/v2\/categories?post=7938"},{"taxonomy":"post_tag","embeddable":true,"href":"https:\/\/sinicesp.org.br\/index.php\/wp-json\/wp\/v2\/tags?post=7938"}],"curies":[{"name":"wp","href":"https:\/\/api.w.org\/{rel}","templated":true}]}}