{"id":7988,"date":"2026-04-29T15:19:50","date_gmt":"2026-04-29T18:19:50","guid":{"rendered":"https:\/\/sinicesp.org.br\/?p=7988"},"modified":"2026-04-29T15:19:55","modified_gmt":"2026-04-29T18:19:55","slug":"associacoes-empresariais-lancam-coalizao-inedita-de-enfrentamento-a-desinformacao-no-brasil","status":"publish","type":"post","link":"https:\/\/sinicesp.org.br\/index.php\/2026\/04\/29\/associacoes-empresariais-lancam-coalizao-inedita-de-enfrentamento-a-desinformacao-no-brasil\/","title":{"rendered":"Associa\u00e7\u00f5es empresariais lan\u00e7am Coaliz\u00e3o in\u00e9dita de enfrentamento \u00e0 desinforma\u00e7\u00e3o no Brasil"},"content":{"rendered":"\n<section class=\"wp-block-uagb-section uagb-section__wrap uagb-section__background-undefined alignfull uagb-block-2f08c80a\"><div class=\"uagb-section__overlay\"><\/div><div class=\"uagb-section__inner-wrap\"><\/div><\/section>\n\n\n\n<section class=\"wp-block-uagb-section uagb-section__wrap uagb-section__background-color uagb-block-fb12de67\"><div class=\"uagb-section__overlay\"><\/div><div class=\"uagb-section__inner-wrap\">\n<div style=\"height:10px\" aria-hidden=\"true\" class=\"wp-block-spacer\"><\/div>\n\n\n\n<div class=\"wp-block-uagb-advanced-heading uagb-block-65b745e7\"><h3 class=\"uagb-heading-text\"><br><strong>29\/04\/2026 <\/strong><\/h3><div class=\"uagb-separator\"><\/div><\/div>\n<\/div><\/section>\n\n\n\n<section class=\"wp-block-uagb-section uagb-section__wrap uagb-section__background-color uagb-block-45caa5c2\"><div class=\"uagb-section__overlay\"><\/div><div class=\"uagb-section__inner-wrap\">\n<h2 class=\"wp-block-heading has-text-align-left has-text-color\" id=\"organizacoes-se-aliam-para-divulgar-normas-padronizadas-em-esg-e-sustentabilidade\" style=\"color:#0767b1\"><strong><strong><strong><strong><strong><strong><strong>Associa\u00e7\u00f5es empresariais lan\u00e7am Coaliz\u00e3o in\u00e9dita de enfrentamento \u00e0 desinforma\u00e7\u00e3o no Brasil<\/strong><\/strong><\/strong><\/strong><\/strong><\/strong><\/strong><\/h2>\n\n\n\n<div style=\"height:20px\" aria-hidden=\"true\" class=\"wp-block-spacer\"><\/div>\n\n\n\n<p><em><strong>Relat\u00f3rios Internacionais apontam para a desinforma\u00e7\u00e3o como um dos principais fatores de risco global nos pr\u00f3ximos anos. Para fortalecer o setor empresarial, o Instituto Ethos lidera a Coaliz\u00e3o Empresarial Contra a Desinforma\u00e7\u00e3o.<\/strong><\/em><\/p>\n\n\n\n<p>Diante do avan\u00e7o da desinforma\u00e7\u00e3o como um dos principais riscos globais, organiza\u00e7\u00f5es empresariais brasileiras se unem para lan\u00e7ar a Coaliz\u00e3o Empresarial Contra a Desinforma\u00e7\u00e3o, uma iniciativa in\u00e9dita que posiciona o setor privado como agente estrat\u00e9gico na promo\u00e7\u00e3o de um ambiente informacional mais \u00edntegro, seguro e respons\u00e1vel.<\/p>\n\n\n\n<p>Liderada pelo Instituto Ethos, em parceria com a Associa\u00e7\u00e3o Brasileira de Comunica\u00e7\u00e3o Empresarial (Aberje), Associa\u00e7\u00e3o Brasileira de Emissoras de R\u00e1dio e Televis\u00e3o (ABERT), Associa\u00e7\u00e3o Brasileira de Distribuidores de Energia El\u00e9trica (Abradee) e com apoio t\u00e9cnico do NetLab UFRJ, a iniciativa busca mobilizar empresas e entidades empresariais para uma atua\u00e7\u00e3o coordenada no enfrentamento ao fen\u00f4meno.<\/p>\n\n\n\n<p>A cerim\u00f4nia de lan\u00e7amento aconteceu na Unibes Cultural, com a presen\u00e7a das entidades respons\u00e1veis. O evento contou com a fala de abertura de Caio Magri, diretor-presidente do Instituto Ethos, a respeito da desinforma\u00e7\u00e3o como um problema sist\u00eamico, que demanda a\u00e7\u00e3o multissetorial.<\/p>\n\n\n\n<p>\u201cN\u00e3o haver\u00e1 resposta consistente para esse desafio sem coopera\u00e7\u00e3o entre sociedade civil, setor privado, poder p\u00fablico, academia e meios de comunica\u00e7\u00e3o. Por isso, a resposta a esse problema precisa ser coletiva. Ela passa por mais transpar\u00eancia das plataformas, por mais responsabilidade no desenvolvimento e na circula\u00e7\u00e3o de sistemas de IA, por pol\u00edticas p\u00fablicas de forma\u00e7\u00e3o cr\u00edtica e por um compromisso institucional com a integridade da informa\u00e7\u00e3o. O desafio n\u00e3o \u00e9 apenas tecnol\u00f3gico. \u00c9 social, pol\u00edtico e \u00e9tico\u201d, aponta Caio Magri.<\/p>\n\n\n\n<p>M\u00e1rcio Borges, pesquisador do NetLab, Laborat\u00f3rio de Estudos de Internet e Redes Sociais da UFRJ, levou um panorama sobre o funcionamento da desinforma\u00e7\u00e3o no Brasil e no mundo, e abordou temas como a ind\u00fastria da desinforma\u00e7\u00e3o, junk news e o papel da publicidade nos mecanismos de dissemina\u00e7\u00e3o de not\u00edcias falsas.<\/p>\n\n\n\n<p>O especialista apresentou dados referentes aos fluxos de informa\u00e7\u00e3o e desinforma\u00e7\u00e3o em diversas redes sociais e trouxe um n\u00famero alarmante: o Brasil tem a maior dificuldade entre 21 pa\u00edses em identificar not\u00edcias falsas nas redes sociais, ocupando o \u00faltimo lugar no ranking. Mais de 80% dos brasileiros utilizam essas plataformas como fonte de informa\u00e7\u00e3o, mas a taxa de identifica\u00e7\u00e3o de fake news \u00e9 baixa, segundo pesquisa da OCDE (Organiza\u00e7\u00e3o para a Coopera\u00e7\u00e3o e Desenvolvimento Econ\u00f4mico).<\/p>\n\n\n\n<p>A cerim\u00f4nia tamb\u00e9m contou com um painel sobre o papel das organiza\u00e7\u00f5es na resposta \u00e0 desinforma\u00e7\u00e3o, com Cristiano Lobato Flores, presidente-executivo da Associa\u00e7\u00e3o Brasileira de Emissoras de R\u00e1dio e Televis\u00e3o (ABERT), e Hamilton dos Santos, diretor executivo da Associa\u00e7\u00e3o Brasileira de Comunica\u00e7\u00e3o Empresarial (Aberje). A modera\u00e7\u00e3o do bate-papo foi realizada por Andr\u00e9a \u00c1lvares, presidenta do Conselho Deliberativo do Instituto Ethos. Os participantes abordaram como a crise da confian\u00e7a, acentuada pela desinforma\u00e7\u00e3o, afeta neg\u00f3cios de diversos segmentos e qual \u00e9 o papel do setor de comunica\u00e7\u00e3o empresarial e do jornalismo no enfrentamento desse cen\u00e1rio.<\/p>\n\n\n\n<p><strong>Os desafios da desinforma\u00e7\u00e3o<\/strong><\/p>\n\n\n\n<p>A desinforma\u00e7\u00e3o deixou de ser um desafio restrito \u00e0 comunica\u00e7\u00e3o digital e passou a configurar um risco sist\u00eamico, com impactos diretos sobre a democracia, a confian\u00e7a institucional e o ambiente de neg\u00f3cios. De acordo com o F\u00f3rum Econ\u00f4mico Mundial, no relat\u00f3rio Global Risks Report 2026, temas como desinforma\u00e7\u00e3o e polariza\u00e7\u00e3o social figuram entre os principais fatores de instabilidade global no curto e no longo prazo, em um cen\u00e1rio em que 40% dos especialistas projetam instabilidade nos pr\u00f3ximos dois anos.<\/p>\n\n\n\n<p>Nesse contexto, a Coaliz\u00e3o Empresarial Contra a Desinforma\u00e7\u00e3o surge para apoiar empresas na constru\u00e7\u00e3o de respostas estruturadas, com base em evid\u00eancias e alinhadas \u00e0s melhores pr\u00e1ticas de governan\u00e7a e responsabilidade corporativa. A iniciativa atuar\u00e1 com a produ\u00e7\u00e3o de conhecimento t\u00e9cnico, o desenvolvimento de diretrizes orientadoras e a promo\u00e7\u00e3o de espa\u00e7os de di\u00e1logo entre lideran\u00e7as empresariais, especialistas e sociedade civil.<\/p>\n\n\n\n<p>A Coaliz\u00e3o tamb\u00e9m prop\u00f5e ampliar o papel das empresas no ecossistema informacional, reconhecendo sua capacidade de influenciar padr\u00f5es de comunica\u00e7\u00e3o, mitigar riscos reputacionais e contribuir para a constru\u00e7\u00e3o de um ambiente mais transparente e confi\u00e1vel.<\/p>\n\n\n\n<p>A desinforma\u00e7\u00e3o impacta diretamente a confian\u00e7a, um ativo fundamental para qualquer organiza\u00e7\u00e3o. Trata-se de um desafio complexo, que exige uma resposta coordenada e multissetorial, envolvendo empresas, sociedade civil, entre outros agentes. Ao lan\u00e7ar essa Coaliz\u00e3o, refor\u00e7amos o papel do setor empresarial como agente ativo na constru\u00e7\u00e3o de um ambiente informacional mais \u00edntegro\u201d, conclui Andr\u00e9a \u00c1lvares, presidenta do Conselho Deliberativo do Instituto Ethos.<\/p>\n\n\n\n<p><strong>Fonte<\/strong>: <a href=\"https:\/\/www.ethos.org.br\/associacoes-empresariais-lancam-coalizao-inedita-de-enfrentamento-a-desinformacao-no-brasil\/\" target=\"_blank\" rel=\"noopener\" title=\"\">Instituto Ethos<\/a><\/p>\n\n\n\n<div style=\"height:40px\" aria-hidden=\"true\" class=\"wp-block-spacer\"><\/div>\n\n\n\n<div id=\"section-g655818\" class=\"wp-block-gutentor-e6 section-g655818 gutentor-element gutentor-element-image text-align-center-desktop\"><div class=\"gutentor-element-image-box\"><a class=\"gutentor-element-image-link\" href=\"window.print()\"><div class=\"gutentor-image-thumb\"><img decoding=\"async\" class=\"normal-image\" src=\"https:\/\/sinicesp.org.br\/wp-content\/uploads\/2022\/01\/impressora.png\" \/><\/div><\/a><\/div><\/div>\n<\/div><\/section>\n","protected":false},"excerpt":{"rendered":"<p>Relat\u00f3rios Internacionais apontam para a desinforma\u00e7\u00e3o como um dos principais fatores de risco global nos pr\u00f3ximos anos. Para fortalecer o setor empresarial, o Instituto Ethos lidera a Coaliz\u00e3o Empresarial Contra a Desinforma\u00e7\u00e3o.<\/p>\n","protected":false},"author":1,"featured_media":0,"comment_status":"closed","ping_status":"closed","sticky":false,"template":"","format":"standard","meta":{"om_disable_all_campaigns":false,"_uag_custom_page_level_css":"","_monsterinsights_skip_tracking":false,"_monsterinsights_sitenote_active":false,"_monsterinsights_sitenote_note":"","_monsterinsights_sitenote_category":0,"site-sidebar-layout":"default","site-content-layout":"plain-container","ast-site-content-layout":"normal-width-container","site-content-style":"unboxed","site-sidebar-style":"unboxed","ast-global-header-display":"","ast-banner-title-visibility":"","ast-main-header-display":"","ast-hfb-above-header-display":"","ast-hfb-below-header-display":"","ast-hfb-mobile-header-display":"","site-post-title":"disabled","ast-breadcrumbs-content":"","ast-featured-img":"disabled","footer-sml-layout":"","ast-disable-related-posts":"","theme-transparent-header-meta":"default","adv-header-id-meta":"","stick-header-meta":"","header-above-stick-meta":"","header-main-stick-meta":"","header-below-stick-meta":"","astra-migrate-meta-layouts":"set","ast-page-background-enabled":"default","ast-page-background-meta":{"desktop":{"background-color":"","background-image":"","background-repeat":"repeat","background-position":"center center","background-size":"auto","background-attachment":"scroll","background-type":"","background-media":"","overlay-type":"","overlay-color":"","overlay-opacity":"","overlay-gradient":""},"tablet":{"background-color":"","background-image":"","background-repeat":"repeat","background-position":"center center","background-size":"auto","background-attachment":"scroll","background-type":"","background-media":"","overlay-type":"","overlay-color":"","overlay-opacity":"","overlay-gradient":""},"mobile":{"background-color":"","background-image":"","background-repeat":"repeat","background-position":"center center","background-size":"auto","background-attachment":"scroll","background-type":"","background-media":"","overlay-type":"","overlay-color":"","overlay-opacity":"","overlay-gradient":""}},"ast-content-background-meta":{"desktop":{"background-color":"var(--ast-global-color-5)","background-image":"","background-repeat":"repeat","background-position":"center center","background-size":"auto","background-attachment":"scroll","background-type":"","background-media":"","overlay-type":"","overlay-color":"","overlay-opacity":"","overlay-gradient":""},"tablet":{"background-color":"var(--ast-global-color-5)","background-image":"","background-repeat":"repeat","background-position":"center center","background-size":"auto","background-attachment":"scroll","background-type":"","background-media":"","overlay-type":"","overlay-color":"","overlay-opacity":"","overlay-gradient":""},"mobile":{"background-color":"var(--ast-global-color-5)","background-image":"","background-repeat":"repeat","background-position":"center center","background-size":"auto","background-attachment":"scroll","background-type":"","background-media":"","overlay-type":"","overlay-color":"","overlay-opacity":"","overlay-gradient":""}},"footnotes":""},"categories":[132],"tags":[15],"class_list":["post-7988","post","type-post","status-publish","format-standard","hentry","category-responsabilidade-social","tag-noticia"],"aioseo_notices":[],"gutentor_comment":0,"uagb_featured_image_src":{"full":false,"thumbnail":false,"medium":false,"medium_large":false,"large":false,"1536x1536":false,"2048x2048":false},"uagb_author_info":{"display_name":"Rodrigo","author_link":"https:\/\/sinicesp.org.br\/index.php\/author\/sinicesp\/"},"uagb_comment_info":0,"uagb_excerpt":"Relat\u00f3rios Internacionais apontam para a desinforma\u00e7\u00e3o como um dos principais fatores de risco global nos pr\u00f3ximos anos. Para fortalecer o setor empresarial, o Instituto Ethos lidera a Coaliz\u00e3o Empresarial Contra a Desinforma\u00e7\u00e3o.","_links":{"self":[{"href":"https:\/\/sinicesp.org.br\/index.php\/wp-json\/wp\/v2\/posts\/7988","targetHints":{"allow":["GET"]}}],"collection":[{"href":"https:\/\/sinicesp.org.br\/index.php\/wp-json\/wp\/v2\/posts"}],"about":[{"href":"https:\/\/sinicesp.org.br\/index.php\/wp-json\/wp\/v2\/types\/post"}],"author":[{"embeddable":true,"href":"https:\/\/sinicesp.org.br\/index.php\/wp-json\/wp\/v2\/users\/1"}],"replies":[{"embeddable":true,"href":"https:\/\/sinicesp.org.br\/index.php\/wp-json\/wp\/v2\/comments?post=7988"}],"version-history":[{"count":1,"href":"https:\/\/sinicesp.org.br\/index.php\/wp-json\/wp\/v2\/posts\/7988\/revisions"}],"predecessor-version":[{"id":7989,"href":"https:\/\/sinicesp.org.br\/index.php\/wp-json\/wp\/v2\/posts\/7988\/revisions\/7989"}],"wp:attachment":[{"href":"https:\/\/sinicesp.org.br\/index.php\/wp-json\/wp\/v2\/media?parent=7988"}],"wp:term":[{"taxonomy":"category","embeddable":true,"href":"https:\/\/sinicesp.org.br\/index.php\/wp-json\/wp\/v2\/categories?post=7988"},{"taxonomy":"post_tag","embeddable":true,"href":"https:\/\/sinicesp.org.br\/index.php\/wp-json\/wp\/v2\/tags?post=7988"}],"curies":[{"name":"wp","href":"https:\/\/api.w.org\/{rel}","templated":true}]}}