{"id":8337,"date":"2026-09-03T16:34:37","date_gmt":"2026-09-03T19:34:37","guid":{"rendered":"https:\/\/sinicesp.org.br\/?p=8337"},"modified":"2026-09-03T16:34:40","modified_gmt":"2026-09-03T19:34:40","slug":"nivel-de-emprego-da-construcao-pesada-paulista-diminui-ritmo-de-queda-mas-continua-negativo-no-mes-de-julho","status":"publish","type":"post","link":"https:\/\/sinicesp.org.br\/index.php\/2026\/09\/03\/nivel-de-emprego-da-construcao-pesada-paulista-diminui-ritmo-de-queda-mas-continua-negativo-no-mes-de-julho\/","title":{"rendered":"N\u00edvel de emprego da constru\u00e7\u00e3o pesada paulista diminui\u00a0ritmo de queda, mas continua negativo no m\u00eas de julho"},"content":{"rendered":"\n<section class=\"wp-block-uagb-section uagb-section__wrap uagb-section__background-color uagb-block-5ac4acad\"><div class=\"uagb-section__overlay\"><\/div><div class=\"uagb-section__inner-wrap\">\n<div class=\"wp-block-uagb-advanced-heading uagb-block-0fdd7454\"><h3 class=\"uagb-heading-text\"><br><strong>Sinimail n\u00ba 19 &#8211; 03\/09\/2026<\/strong><\/h3><div class=\"uagb-separator\"><\/div><\/div>\n<\/div><\/section>\n\n\n\n<section class=\"wp-block-uagb-section uagb-section__wrap uagb-section__background-color uagb-block-2e4a2569\"><div class=\"uagb-section__overlay\"><\/div><div class=\"uagb-section__inner-wrap\">\n<div id=\"section-g-bm8sxlb\" class=\"section-g-bm8sxlb gutentor-element gutentor-element-advanced-text wp-block-gutentor-e0 text-align-center-desktop text-align-center-tablet text-align-center-mobile\"><div class=\"gutentor-text-wrap\"><h2 class=\"gutentor-text\"><strong><strong>N\u00edvel de emprego da constru\u00e7\u00e3o pesada paulista diminui\u00a0<\/strong><\/strong><br><strong><strong>ritmo de queda, mas continua negativo no m\u00eas de julho<\/strong><\/strong><\/h2><\/div><\/div>\n\n\n\n<div style=\"height:20px\" aria-hidden=\"true\" class=\"wp-block-spacer\"><\/div>\n\n\n\n<p class=\"wp-block-paragraph\">O n\u00edvel de emprego do setor da constru\u00e7\u00e3o pesada paulista registrou, novamente, em julho, saldo negativo de vagas. Houve a perda de 470 postos de trabalho em todo o estado de S\u00e3o Paulo.&nbsp;<\/p>\n\n\n\n<p class=\"wp-block-paragraph\">O setor de \u201c<em>Constru\u00e7\u00e3o de obras de arte especiais<\/em>\u201d registrou a maior baixa, com 574 demiss\u00f5es. Em segundo lugar, ficou \u201c<em>Constru\u00e7\u00e3o de redes de abastecimento de \u00e1gua, coleta de esgoto e constru\u00e7\u00f5es correlatas<\/em>\u201d com a sa\u00edda de 192 trabalhadores. Os dois segmentos juntos responderam pela perda de 766 vagas.<\/p>\n\n\n\n<p class=\"wp-block-paragraph\">Os segmentos de \u201c<em>Constru\u00e7\u00e3o de rodovias e ferrovias\u201d; \u201cObras de terraplenagem\u201d&nbsp;<\/em>e<em>&nbsp;\u201cObras portu\u00e1rias, mar\u00edtimas e fluviais\u201d&nbsp;<\/em>&nbsp;tiveram saldo positivo com a somat\u00f3ria de 310 vagas.<\/p>\n\n\n\n<p class=\"wp-block-paragraph\">Mesmo com o segundo m\u00eas de queda consecutiva, o saldo ainda permanece positivo no total de vagas acumuladas nos \u00faltimos doze meses, com a contrata\u00e7\u00e3o de 4.921 trabalhadores.&nbsp; O montante total de trabalhadores ativos no estado \u00e9 de 114.054.<\/p>\n\n\n\n<p class=\"wp-block-paragraph\">Em n\u00edvel nacional, houve evolu\u00e7\u00e3o em julho , com o saldo positivo de 5.779 vagas. Os segmentos de \u201c<em>Constru\u00e7\u00e3o de rodovias e ferrovias<\/em>\u201d e \u201cObras de terraplenagem\u201d responderam juntos por 6.209 novos postos de trabalho; entretanto,&nbsp; houve uma perda significativa nos setores&nbsp; \u201c<em>Constru\u00e7\u00e3o de obras de arte especiais<\/em>\u201d&nbsp; e \u201c<em>Constru\u00e7\u00e3o de redes de abastecimento de \u00e1gua, coleta de esgoto e constru\u00e7\u00f5es correlatas<\/em>\u201d com a demiss\u00e3o de 882 oper\u00e1rios. Em todo o Brasil, o segmento da constru\u00e7\u00e3o pesada registrou, em julho, 498.685 empregos.<\/p>\n\n\n\n<div class=\"wp-block-uagb-advanced-heading uagb-block-df596b49\"><h4 class=\"uagb-heading-text\">S\u00c3O PAULO<\/h4><\/div>\n\n\n\n<div class=\"wp-block-uagb-image aligncenter uagb-block-cf8baea7 wp-block-uagb-image--layout-default wp-block-uagb-image--effect-static wp-block-uagb-image--align-center\"><figure class=\"wp-block-uagb-image__figure\"><img decoding=\"async\" src=\"https:\/\/sinicesp.org.br\/wp-content\/uploads\/2026\/09\/sinimail-2026-19-interna1.jpg\" alt=\"\" class=\"uag-image-8339\" width=\"728\" height=\"364\" title=\"sinimail-2026-19-interna1\" loading=\"lazy\" role=\"img\" \/><\/figure><\/div>\n\n\n\n<div class=\"wp-block-uagb-image aligncenter uagb-block-aab8f3bb wp-block-uagb-image--layout-default wp-block-uagb-image--effect-static wp-block-uagb-image--align-center\"><figure class=\"wp-block-uagb-image__figure\"><img decoding=\"async\" src=\"https:\/\/sinicesp.org.br\/wp-content\/uploads\/2026\/09\/sinimail-2026-19-interna2.jpg\" alt=\"\" class=\"uag-image-8340\" width=\"728\" height=\"364\" title=\"sinimail-2026-19-interna2\" loading=\"lazy\" role=\"img\" \/><\/figure><\/div>\n\n\n\n<div class=\"wp-block-uagb-advanced-heading uagb-block-2b07ce63\"><h4 class=\"uagb-heading-text\">BRASIL<\/h4><\/div>\n\n\n\n<div class=\"wp-block-uagb-image aligncenter uagb-block-1c4b3f08 wp-block-uagb-image--layout-default wp-block-uagb-image--effect-static wp-block-uagb-image--align-center\"><figure class=\"wp-block-uagb-image__figure\"><img decoding=\"async\" src=\"https:\/\/sinicesp.org.br\/wp-content\/uploads\/2026\/09\/sinimail-2026-19-interna3.jpg\" alt=\"\" class=\"uag-image-8341\" width=\"728\" height=\"364\" title=\"sinimail-2026-19-interna3\" loading=\"lazy\" role=\"img\" \/><\/figure><\/div>\n\n\n\n<div class=\"wp-block-uagb-image aligncenter uagb-block-874d460c wp-block-uagb-image--layout-default wp-block-uagb-image--effect-static wp-block-uagb-image--align-center\"><figure class=\"wp-block-uagb-image__figure\"><img decoding=\"async\" src=\"https:\/\/sinicesp.org.br\/wp-content\/uploads\/2026\/09\/sinimail-2026-19-interna4.jpg\" alt=\"\" class=\"uag-image-8342\" width=\"728\" height=\"364\" title=\"sinimail-2026-19-interna4\" loading=\"lazy\" role=\"img\" \/><\/figure><\/div>\n\n\n\n<div style=\"height:40px\" aria-hidden=\"true\" class=\"wp-block-spacer\"><\/div>\n\n\n\n<div id=\"section-g51852a\" class=\"section-g51852a gutentor-element gutentor-element-image wp-block-gutentor-e6 text-align-center-desktop\"><div class=\"gutentor-element-image-box\"><a class=\"gutentor-element-image-link\" href=\"#\"window.print()\"><div class=\"gutentor-image-thumb\"><img decoding=\"async\" class=\"normal-image\" src=\"https:\/\/sinicesp.org.br\/wp-content\/uploads\/2022\/01\/impressora.png\"\/><\/div><\/a><\/div><\/div>\n<\/div><\/section>\n","protected":false},"excerpt":{"rendered":"<p>O n\u00edvel de emprego do setor da constru\u00e7\u00e3o pesada paulista registrou, novamente, em julho, saldo negativo de vagas. Houve a perda de 470 postos de trabalho em todo o estado de S\u00e3o Paulo.  <\/p>\n","protected":false},"author":1,"featured_media":8338,"comment_status":"closed","ping_status":"closed","sticky":false,"template":"","format":"standard","meta":{"om_disable_all_campaigns":false,"_uag_custom_page_level_css":"","_monsterinsights_skip_tracking":false,"site-sidebar-layout":"default","site-content-layout":"default","ast-site-content-layout":"default","site-content-style":"default","site-sidebar-style":"default","ast-global-header-display":"","ast-banner-title-visibility":"","ast-main-header-display":"","ast-hfb-above-header-display":"","ast-hfb-below-header-display":"","ast-hfb-mobile-header-display":"","site-post-title":"disabled","ast-breadcrumbs-content":"disabled","ast-featured-img":"","footer-sml-layout":"","ast-disable-related-posts":"","theme-transparent-header-meta":"default","adv-header-id-meta":"","stick-header-meta":"","header-above-stick-meta":"","header-main-stick-meta":"","header-below-stick-meta":"","astra-migrate-meta-layouts":"set","ast-page-background-enabled":"default","ast-page-background-meta":{"desktop":{"background-color":"","background-image":"","background-repeat":"repeat","background-position":"center center","background-size":"auto","background-attachment":"scroll","background-type":"","background-media":"","overlay-type":"","overlay-color":"","overlay-opacity":"","overlay-gradient":""},"tablet":{"background-color":"","background-image":"","background-repeat":"repeat","background-position":"center center","background-size":"auto","background-attachment":"scroll","background-type":"","background-media":"","overlay-type":"","overlay-color":"","overlay-opacity":"","overlay-gradient":""},"mobile":{"background-color":"","background-image":"","background-repeat":"repeat","background-position":"center center","background-size":"auto","background-attachment":"scroll","background-type":"","background-media":"","overlay-type":"","overlay-color":"","overlay-opacity":"","overlay-gradient":""}},"ast-content-background-meta":{"desktop":{"background-color":"var(--ast-global-color-5)","background-image":"","background-repeat":"repeat","background-position":"center center","background-size":"auto","background-attachment":"scroll","background-type":"","background-media":"","overlay-type":"","overlay-color":"","overlay-opacity":"","overlay-gradient":""},"tablet":{"background-color":"var(--ast-global-color-5)","background-image":"","background-repeat":"repeat","background-position":"center center","background-size":"auto","background-attachment":"scroll","background-type":"","background-media":"","overlay-type":"","overlay-color":"","overlay-opacity":"","overlay-gradient":""},"mobile":{"background-color":"var(--ast-global-color-5)","background-image":"","background-repeat":"repeat","background-position":"center center","background-size":"auto","background-attachment":"scroll","background-type":"","background-media":"","overlay-type":"","overlay-color":"","overlay-opacity":"","overlay-gradient":""}},"footnotes":""},"categories":[3],"tags":[610],"class_list":["post-8337","post","type-post","status-publish","format-standard","has-post-thumbnail","hentry","category-sinimail","tag-sinimail-no-19-03-09-2026"],"aioseo_notices":[],"aioseo_head":"\n\t\t<!-- All in One SEO 5.0.1 - aioseo.com -->\n\t<meta name=\"description\" content=\"O n\u00edvel de emprego do setor da constru\u00e7\u00e3o pesada paulista registrou, novamente, em julho, saldo negativo de vagas. Houve a perda de 470 postos de trabalho em todo o estado de S\u00e3o Paulo.\" \/>\n\t<meta name=\"robots\" content=\"max-image-preview:large\" \/>\n\t<meta name=\"author\" content=\"Rodrigo\"\/>\n\t<link rel=\"canonical\" href=\"https:\/\/sinicesp.org.br\/index.php\/2026\/09\/03\/nivel-de-emprego-da-construcao-pesada-paulista-diminui-ritmo-de-queda-mas-continua-negativo-no-mes-de-julho\/\" \/>\n\t<meta name=\"generator\" content=\"All in One SEO (AIOSEO) 5.0.1\" \/>\n\t\t<meta property=\"og:locale\" content=\"pt_BR\" \/>\n\t\t<meta property=\"og:site_name\" content=\"SINICESP - Sindicato da Ind\u00fastria da Constru\u00e7\u00e3o Pesada do Estado de S\u00e3o Paulo - Sindicato da Ind\u00fastria da Constru\u00e7\u00e3o Pesada do Estado de S\u00e3o Paulo\" \/>\n\t\t<meta property=\"og:type\" content=\"article\" \/>\n\t\t<meta property=\"og:title\" content=\"N\u00edvel de emprego da constru\u00e7\u00e3o pesada paulista diminui ritmo de queda, mas continua negativo no m\u00eas de julho - SINICESP - Sindicato da Ind\u00fastria da Constru\u00e7\u00e3o Pesada do Estado de S\u00e3o Paulo\" \/>\n\t\t<meta property=\"og:description\" content=\"O n\u00edvel de emprego do setor da constru\u00e7\u00e3o pesada paulista registrou, novamente, em julho, saldo negativo de vagas. Houve a perda de 470 postos de trabalho em todo o estado de S\u00e3o Paulo.\" \/>\n\t\t<meta property=\"og:url\" content=\"https:\/\/sinicesp.org.br\/index.php\/2026\/09\/03\/nivel-de-emprego-da-construcao-pesada-paulista-diminui-ritmo-de-queda-mas-continua-negativo-no-mes-de-julho\/\" \/>\n\t\t<meta property=\"og:image\" content=\"https:\/\/sinicesp.org.br\/wp-content\/uploads\/2022\/01\/Logo-250-ok.png\" \/>\n\t\t<meta property=\"og:image:secure_url\" content=\"https:\/\/sinicesp.org.br\/wp-content\/uploads\/2022\/01\/Logo-250-ok.png\" \/>\n\t\t<meta property=\"og:image:width\" content=\"250\" \/>\n\t\t<meta property=\"og:image:height\" content=\"86\" \/>\n\t\t<meta property=\"article:published_time\" content=\"2026-09-03T19:34:37+00:00\" \/>\n\t\t<meta property=\"article:modified_time\" content=\"2026-09-03T19:34:40+00:00\" \/>\n\t\t<meta property=\"article:publisher\" content=\"https:\/\/www.facebook.com\/SINICESP\/\" \/>\n\t\t<meta name=\"twitter:card\" content=\"summary\" \/>\n\t\t<meta name=\"twitter:title\" content=\"N\u00edvel de emprego da constru\u00e7\u00e3o pesada paulista diminui ritmo de queda, mas continua negativo no m\u00eas de julho - SINICESP - Sindicato da Ind\u00fastria da Constru\u00e7\u00e3o Pesada do Estado de S\u00e3o Paulo\" \/>\n\t\t<meta name=\"twitter:description\" content=\"O n\u00edvel de emprego do setor da constru\u00e7\u00e3o pesada paulista registrou, novamente, em julho, saldo negativo de vagas. Houve a perda de 470 postos de trabalho em todo o estado de S\u00e3o Paulo.\" \/>\n\t\t<meta name=\"twitter:image\" content=\"https:\/\/sinicesp.org.br\/wp-content\/uploads\/2022\/01\/Logo-250-ok.png\" \/>\n\t\t<script type=\"application\/ld+json\" class=\"aioseo-schema\">\n\t\t\t{\"@context\":\"https:\\\/\\\/schema.org\",\"@graph\":[{\"@type\":\"BlogPosting\",\"@id\":\"https:\\\/\\\/sinicesp.org.br\\\/index.php\\\/2026\\\/09\\\/03\\\/nivel-de-emprego-da-construcao-pesada-paulista-diminui-ritmo-de-queda-mas-continua-negativo-no-mes-de-julho\\\/#blogposting\",\"name\":\"N\\u00edvel de emprego da constru\\u00e7\\u00e3o pesada paulista diminui ritmo de queda, mas continua negativo no m\\u00eas de julho - SINICESP - Sindicato da Ind\\u00fastria da Constru\\u00e7\\u00e3o Pesada do Estado de S\\u00e3o Paulo\",\"headline\":\"N\\u00edvel de emprego da constru\\u00e7\\u00e3o pesada paulista diminui\\u00a0ritmo de queda, mas continua negativo no m\\u00eas de julho\",\"author\":{\"@id\":\"https:\\\/\\\/sinicesp.org.br\\\/index.php\\\/author\\\/sinicesp\\\/#author\"},\"publisher\":{\"@id\":\"https:\\\/\\\/sinicesp.org.br\\\/#organization\"},\"image\":{\"@type\":\"ImageObject\",\"url\":\"https:\\\/\\\/sinicesp.org.br\\\/wp-content\\\/uploads\\\/2026\\\/09\\\/sinimail-2026-19-destaque.jpg\",\"width\":250,\"height\":167},\"datePublished\":\"2026-09-03T16:34:37-03:00\",\"dateModified\":\"2026-09-03T16:34:40-03:00\",\"inLanguage\":\"pt-BR\",\"mainEntityOfPage\":{\"@id\":\"https:\\\/\\\/sinicesp.org.br\\\/index.php\\\/2026\\\/09\\\/03\\\/nivel-de-emprego-da-construcao-pesada-paulista-diminui-ritmo-de-queda-mas-continua-negativo-no-mes-de-julho\\\/#webpage\"},\"isPartOf\":{\"@id\":\"https:\\\/\\\/sinicesp.org.br\\\/index.php\\\/2026\\\/09\\\/03\\\/nivel-de-emprego-da-construcao-pesada-paulista-diminui-ritmo-de-queda-mas-continua-negativo-no-mes-de-julho\\\/#webpage\"},\"articleSection\":\"Sinimail, Sinimail n\\u00ba 19 - 03\\\/09\\\/2026\"},{\"@type\":\"BreadcrumbList\",\"@id\":\"https:\\\/\\\/sinicesp.org.br\\\/index.php\\\/2026\\\/09\\\/03\\\/nivel-de-emprego-da-construcao-pesada-paulista-diminui-ritmo-de-queda-mas-continua-negativo-no-mes-de-julho\\\/#breadcrumblist\",\"itemListElement\":[{\"@type\":\"ListItem\",\"@id\":\"https:\\\/\\\/sinicesp.org.br#listItem\",\"position\":1,\"name\":\"Home\",\"item\":\"https:\\\/\\\/sinicesp.org.br\",\"nextItem\":{\"@type\":\"ListItem\",\"@id\":\"https:\\\/\\\/sinicesp.org.br\\\/index.php\\\/category\\\/sinimail\\\/#listItem\",\"name\":\"Sinimail\"}},{\"@type\":\"ListItem\",\"@id\":\"https:\\\/\\\/sinicesp.org.br\\\/index.php\\\/category\\\/sinimail\\\/#listItem\",\"position\":2,\"name\":\"Sinimail\",\"item\":\"https:\\\/\\\/sinicesp.org.br\\\/index.php\\\/category\\\/sinimail\\\/\",\"nextItem\":{\"@type\":\"ListItem\",\"@id\":\"https:\\\/\\\/sinicesp.org.br\\\/index.php\\\/2026\\\/09\\\/03\\\/nivel-de-emprego-da-construcao-pesada-paulista-diminui-ritmo-de-queda-mas-continua-negativo-no-mes-de-julho\\\/#listItem\",\"name\":\"N\\u00edvel de emprego da constru\\u00e7\\u00e3o pesada paulista diminui\\u00a0ritmo de queda, mas continua negativo no m\\u00eas de julho\"},\"previousItem\":{\"@type\":\"ListItem\",\"@id\":\"https:\\\/\\\/sinicesp.org.br#listItem\",\"name\":\"Home\"}},{\"@type\":\"ListItem\",\"@id\":\"https:\\\/\\\/sinicesp.org.br\\\/index.php\\\/2026\\\/09\\\/03\\\/nivel-de-emprego-da-construcao-pesada-paulista-diminui-ritmo-de-queda-mas-continua-negativo-no-mes-de-julho\\\/#listItem\",\"position\":3,\"name\":\"N\\u00edvel de emprego da constru\\u00e7\\u00e3o pesada paulista diminui\\u00a0ritmo de queda, mas continua negativo no m\\u00eas de julho\",\"previousItem\":{\"@type\":\"ListItem\",\"@id\":\"https:\\\/\\\/sinicesp.org.br\\\/index.php\\\/category\\\/sinimail\\\/#listItem\",\"name\":\"Sinimail\"}}]},{\"@type\":\"Organization\",\"@id\":\"https:\\\/\\\/sinicesp.org.br\\\/#organization\",\"name\":\"SINICESP - Sindicato da Ind\\u00fastria da Constru\\u00e7\\u00e3o Pesada do Estado de S\\u00e3o Paulo\",\"description\":\"Sindicato da Ind\\u00fastria da Constru\\u00e7\\u00e3o Pesada do Estado de S\\u00e3o Paulo\",\"url\":\"https:\\\/\\\/sinicesp.org.br\\\/\",\"telephone\":\"+5511974539189\",\"logo\":{\"@type\":\"ImageObject\",\"url\":\"https:\\\/\\\/sinicesp.org.br\\\/wp-content\\\/uploads\\\/2022\\\/01\\\/Logo-250-ok.png\",\"@id\":\"https:\\\/\\\/sinicesp.org.br\\\/index.php\\\/2026\\\/09\\\/03\\\/nivel-de-emprego-da-construcao-pesada-paulista-diminui-ritmo-de-queda-mas-continua-negativo-no-mes-de-julho\\\/#organizationLogo\",\"width\":250,\"height\":86,\"caption\":\"Sinicesp\"},\"image\":{\"@id\":\"https:\\\/\\\/sinicesp.org.br\\\/index.php\\\/2026\\\/09\\\/03\\\/nivel-de-emprego-da-construcao-pesada-paulista-diminui-ritmo-de-queda-mas-continua-negativo-no-mes-de-julho\\\/#organizationLogo\"},\"sameAs\":[\"https:\\\/\\\/www.facebook.com\\\/SINICESP\\\/\",\"https:\\\/\\\/www.instagram.com\\\/instasinicesp\\\/\",\"https:\\\/\\\/www.linkedin.com\\\/company\\\/snicesp\\\/?originalSubdomain=br\"]},{\"@type\":\"Person\",\"@id\":\"https:\\\/\\\/sinicesp.org.br\\\/index.php\\\/author\\\/sinicesp\\\/#author\",\"url\":\"https:\\\/\\\/sinicesp.org.br\\\/index.php\\\/author\\\/sinicesp\\\/\",\"name\":\"Rodrigo\",\"image\":{\"@type\":\"ImageObject\",\"@id\":\"https:\\\/\\\/sinicesp.org.br\\\/index.php\\\/2026\\\/09\\\/03\\\/nivel-de-emprego-da-construcao-pesada-paulista-diminui-ritmo-de-queda-mas-continua-negativo-no-mes-de-julho\\\/#authorImage\",\"url\":\"https:\\\/\\\/secure.gravatar.com\\\/avatar\\\/dbc58959fff803218185b05f3bba172d02cc1ee82e43cdb0e1e10cbe45c43639?s=96&d=mm&r=g\",\"width\":96,\"height\":96,\"caption\":\"Rodrigo\"}},{\"@type\":\"WebPage\",\"@id\":\"https:\\\/\\\/sinicesp.org.br\\\/index.php\\\/2026\\\/09\\\/03\\\/nivel-de-emprego-da-construcao-pesada-paulista-diminui-ritmo-de-queda-mas-continua-negativo-no-mes-de-julho\\\/#webpage\",\"url\":\"https:\\\/\\\/sinicesp.org.br\\\/index.php\\\/2026\\\/09\\\/03\\\/nivel-de-emprego-da-construcao-pesada-paulista-diminui-ritmo-de-queda-mas-continua-negativo-no-mes-de-julho\\\/\",\"name\":\"N\\u00edvel de emprego da constru\\u00e7\\u00e3o pesada paulista diminui ritmo de queda, mas continua negativo no m\\u00eas de julho - SINICESP - Sindicato da Ind\\u00fastria da Constru\\u00e7\\u00e3o Pesada do Estado de S\\u00e3o Paulo\",\"description\":\"O n\\u00edvel de emprego do setor da constru\\u00e7\\u00e3o pesada paulista registrou, novamente, em julho, saldo negativo de vagas. Houve a perda de 470 postos de trabalho em todo o estado de S\\u00e3o Paulo.\",\"inLanguage\":\"pt-BR\",\"isPartOf\":{\"@id\":\"https:\\\/\\\/sinicesp.org.br\\\/#website\"},\"breadcrumb\":{\"@id\":\"https:\\\/\\\/sinicesp.org.br\\\/index.php\\\/2026\\\/09\\\/03\\\/nivel-de-emprego-da-construcao-pesada-paulista-diminui-ritmo-de-queda-mas-continua-negativo-no-mes-de-julho\\\/#breadcrumblist\"},\"author\":{\"@id\":\"https:\\\/\\\/sinicesp.org.br\\\/index.php\\\/author\\\/sinicesp\\\/#author\"},\"creator\":{\"@id\":\"https:\\\/\\\/sinicesp.org.br\\\/index.php\\\/author\\\/sinicesp\\\/#author\"},\"image\":{\"@type\":\"ImageObject\",\"url\":\"https:\\\/\\\/sinicesp.org.br\\\/wp-content\\\/uploads\\\/2026\\\/09\\\/sinimail-2026-19-destaque.jpg\",\"@id\":\"https:\\\/\\\/sinicesp.org.br\\\/index.php\\\/2026\\\/09\\\/03\\\/nivel-de-emprego-da-construcao-pesada-paulista-diminui-ritmo-de-queda-mas-continua-negativo-no-mes-de-julho\\\/#mainImage\",\"width\":250,\"height\":167},\"primaryImageOfPage\":{\"@id\":\"https:\\\/\\\/sinicesp.org.br\\\/index.php\\\/2026\\\/09\\\/03\\\/nivel-de-emprego-da-construcao-pesada-paulista-diminui-ritmo-de-queda-mas-continua-negativo-no-mes-de-julho\\\/#mainImage\"},\"datePublished\":\"2026-09-03T16:34:37-03:00\",\"dateModified\":\"2026-09-03T16:34:40-03:00\"},{\"@type\":\"WebSite\",\"@id\":\"https:\\\/\\\/sinicesp.org.br\\\/#website\",\"url\":\"https:\\\/\\\/sinicesp.org.br\\\/\",\"name\":\"SINICESP - Sindicato da Ind\\u00fastria da Constru\\u00e7\\u00e3o Pesada do Estado de S\\u00e3o Paulo\",\"description\":\"Sindicato da Ind\\u00fastria da Constru\\u00e7\\u00e3o Pesada do Estado de S\\u00e3o Paulo\",\"inLanguage\":\"pt-BR\",\"publisher\":{\"@id\":\"https:\\\/\\\/sinicesp.org.br\\\/#organization\"}}]}\n\t\t<\/script>\n\t\t<!-- All in One SEO -->\n\n","aioseo_head_json":{"title":"N\u00edvel de emprego da constru\u00e7\u00e3o pesada paulista diminui ritmo de queda, mas continua negativo no m\u00eas de julho - SINICESP - Sindicato da Ind\u00fastria da Constru\u00e7\u00e3o Pesada do Estado de S\u00e3o Paulo","description":"O n\u00edvel de emprego do setor da constru\u00e7\u00e3o pesada paulista registrou, novamente, em julho, saldo negativo de vagas. Houve a perda de 470 postos de trabalho em todo o estado de S\u00e3o Paulo.","canonical_url":"https:\/\/sinicesp.org.br\/index.php\/2026\/09\/03\/nivel-de-emprego-da-construcao-pesada-paulista-diminui-ritmo-de-queda-mas-continua-negativo-no-mes-de-julho\/","robots":"max-image-preview:large","keywords":"","webmasterTools":{"miscellaneous":""},"schema":{"@context":"https:\/\/schema.org","@graph":[{"@type":"BlogPosting","@id":"https:\/\/sinicesp.org.br\/index.php\/2026\/09\/03\/nivel-de-emprego-da-construcao-pesada-paulista-diminui-ritmo-de-queda-mas-continua-negativo-no-mes-de-julho\/#blogposting","name":"N\u00edvel de emprego da constru\u00e7\u00e3o pesada paulista diminui ritmo de queda, mas continua negativo no m\u00eas de julho - SINICESP - Sindicato da Ind\u00fastria da Constru\u00e7\u00e3o Pesada do Estado de S\u00e3o Paulo","headline":"N\u00edvel de emprego da constru\u00e7\u00e3o pesada paulista diminui\u00a0ritmo de queda, mas continua negativo no m\u00eas de julho","author":{"@id":"https:\/\/sinicesp.org.br\/index.php\/author\/sinicesp\/#author"},"publisher":{"@id":"https:\/\/sinicesp.org.br\/#organization"},"image":{"@type":"ImageObject","url":"https:\/\/sinicesp.org.br\/wp-content\/uploads\/2026\/09\/sinimail-2026-19-destaque.jpg","width":250,"height":167},"datePublished":"2026-09-03T16:34:37-03:00","dateModified":"2026-09-03T16:34:40-03:00","inLanguage":"pt-BR","mainEntityOfPage":{"@id":"https:\/\/sinicesp.org.br\/index.php\/2026\/09\/03\/nivel-de-emprego-da-construcao-pesada-paulista-diminui-ritmo-de-queda-mas-continua-negativo-no-mes-de-julho\/#webpage"},"isPartOf":{"@id":"https:\/\/sinicesp.org.br\/index.php\/2026\/09\/03\/nivel-de-emprego-da-construcao-pesada-paulista-diminui-ritmo-de-queda-mas-continua-negativo-no-mes-de-julho\/#webpage"},"articleSection":"Sinimail, Sinimail n\u00ba 19 - 03\/09\/2026"},{"@type":"BreadcrumbList","@id":"https:\/\/sinicesp.org.br\/index.php\/2026\/09\/03\/nivel-de-emprego-da-construcao-pesada-paulista-diminui-ritmo-de-queda-mas-continua-negativo-no-mes-de-julho\/#breadcrumblist","itemListElement":[{"@type":"ListItem","@id":"https:\/\/sinicesp.org.br#listItem","position":1,"name":"Home","item":"https:\/\/sinicesp.org.br","nextItem":{"@type":"ListItem","@id":"https:\/\/sinicesp.org.br\/index.php\/category\/sinimail\/#listItem","name":"Sinimail"}},{"@type":"ListItem","@id":"https:\/\/sinicesp.org.br\/index.php\/category\/sinimail\/#listItem","position":2,"name":"Sinimail","item":"https:\/\/sinicesp.org.br\/index.php\/category\/sinimail\/","nextItem":{"@type":"ListItem","@id":"https:\/\/sinicesp.org.br\/index.php\/2026\/09\/03\/nivel-de-emprego-da-construcao-pesada-paulista-diminui-ritmo-de-queda-mas-continua-negativo-no-mes-de-julho\/#listItem","name":"N\u00edvel de emprego da constru\u00e7\u00e3o pesada paulista diminui\u00a0ritmo de queda, mas continua negativo no m\u00eas de julho"},"previousItem":{"@type":"ListItem","@id":"https:\/\/sinicesp.org.br#listItem","name":"Home"}},{"@type":"ListItem","@id":"https:\/\/sinicesp.org.br\/index.php\/2026\/09\/03\/nivel-de-emprego-da-construcao-pesada-paulista-diminui-ritmo-de-queda-mas-continua-negativo-no-mes-de-julho\/#listItem","position":3,"name":"N\u00edvel de emprego da constru\u00e7\u00e3o pesada paulista diminui\u00a0ritmo de queda, mas continua negativo no m\u00eas de julho","previousItem":{"@type":"ListItem","@id":"https:\/\/sinicesp.org.br\/index.php\/category\/sinimail\/#listItem","name":"Sinimail"}}]},{"@type":"Organization","@id":"https:\/\/sinicesp.org.br\/#organization","name":"SINICESP - Sindicato da Ind\u00fastria da Constru\u00e7\u00e3o Pesada do Estado de S\u00e3o Paulo","description":"Sindicato da Ind\u00fastria da Constru\u00e7\u00e3o Pesada do Estado de S\u00e3o Paulo","url":"https:\/\/sinicesp.org.br\/","telephone":"+5511974539189","logo":{"@type":"ImageObject","url":"https:\/\/sinicesp.org.br\/wp-content\/uploads\/2022\/01\/Logo-250-ok.png","@id":"https:\/\/sinicesp.org.br\/index.php\/2026\/09\/03\/nivel-de-emprego-da-construcao-pesada-paulista-diminui-ritmo-de-queda-mas-continua-negativo-no-mes-de-julho\/#organizationLogo","width":250,"height":86,"caption":"Sinicesp"},"image":{"@id":"https:\/\/sinicesp.org.br\/index.php\/2026\/09\/03\/nivel-de-emprego-da-construcao-pesada-paulista-diminui-ritmo-de-queda-mas-continua-negativo-no-mes-de-julho\/#organizationLogo"},"sameAs":["https:\/\/www.facebook.com\/SINICESP\/","https:\/\/www.instagram.com\/instasinicesp\/","https:\/\/www.linkedin.com\/company\/snicesp\/?originalSubdomain=br"]},{"@type":"Person","@id":"https:\/\/sinicesp.org.br\/index.php\/author\/sinicesp\/#author","url":"https:\/\/sinicesp.org.br\/index.php\/author\/sinicesp\/","name":"Rodrigo","image":{"@type":"ImageObject","@id":"https:\/\/sinicesp.org.br\/index.php\/2026\/09\/03\/nivel-de-emprego-da-construcao-pesada-paulista-diminui-ritmo-de-queda-mas-continua-negativo-no-mes-de-julho\/#authorImage","url":"https:\/\/secure.gravatar.com\/avatar\/dbc58959fff803218185b05f3bba172d02cc1ee82e43cdb0e1e10cbe45c43639?s=96&d=mm&r=g","width":96,"height":96,"caption":"Rodrigo"}},{"@type":"WebPage","@id":"https:\/\/sinicesp.org.br\/index.php\/2026\/09\/03\/nivel-de-emprego-da-construcao-pesada-paulista-diminui-ritmo-de-queda-mas-continua-negativo-no-mes-de-julho\/#webpage","url":"https:\/\/sinicesp.org.br\/index.php\/2026\/09\/03\/nivel-de-emprego-da-construcao-pesada-paulista-diminui-ritmo-de-queda-mas-continua-negativo-no-mes-de-julho\/","name":"N\u00edvel de emprego da constru\u00e7\u00e3o pesada paulista diminui ritmo de queda, mas continua negativo no m\u00eas de julho - SINICESP - Sindicato da Ind\u00fastria da Constru\u00e7\u00e3o Pesada do Estado de S\u00e3o Paulo","description":"O n\u00edvel de emprego do setor da constru\u00e7\u00e3o pesada paulista registrou, novamente, em julho, saldo negativo de vagas. Houve a perda de 470 postos de trabalho em todo o estado de S\u00e3o Paulo.","inLanguage":"pt-BR","isPartOf":{"@id":"https:\/\/sinicesp.org.br\/#website"},"breadcrumb":{"@id":"https:\/\/sinicesp.org.br\/index.php\/2026\/09\/03\/nivel-de-emprego-da-construcao-pesada-paulista-diminui-ritmo-de-queda-mas-continua-negativo-no-mes-de-julho\/#breadcrumblist"},"author":{"@id":"https:\/\/sinicesp.org.br\/index.php\/author\/sinicesp\/#author"},"creator":{"@id":"https:\/\/sinicesp.org.br\/index.php\/author\/sinicesp\/#author"},"image":{"@type":"ImageObject","url":"https:\/\/sinicesp.org.br\/wp-content\/uploads\/2026\/09\/sinimail-2026-19-destaque.jpg","@id":"https:\/\/sinicesp.org.br\/index.php\/2026\/09\/03\/nivel-de-emprego-da-construcao-pesada-paulista-diminui-ritmo-de-queda-mas-continua-negativo-no-mes-de-julho\/#mainImage","width":250,"height":167},"primaryImageOfPage":{"@id":"https:\/\/sinicesp.org.br\/index.php\/2026\/09\/03\/nivel-de-emprego-da-construcao-pesada-paulista-diminui-ritmo-de-queda-mas-continua-negativo-no-mes-de-julho\/#mainImage"},"datePublished":"2026-09-03T16:34:37-03:00","dateModified":"2026-09-03T16:34:40-03:00"},{"@type":"WebSite","@id":"https:\/\/sinicesp.org.br\/#website","url":"https:\/\/sinicesp.org.br\/","name":"SINICESP - Sindicato da Ind\u00fastria da Constru\u00e7\u00e3o Pesada do Estado de S\u00e3o Paulo","description":"Sindicato da Ind\u00fastria da Constru\u00e7\u00e3o Pesada do Estado de S\u00e3o Paulo","inLanguage":"pt-BR","publisher":{"@id":"https:\/\/sinicesp.org.br\/#organization"}}]},"og:locale":"pt_BR","og:site_name":"SINICESP - Sindicato da Ind\u00fastria da Constru\u00e7\u00e3o Pesada do Estado de S\u00e3o Paulo - Sindicato da Ind\u00fastria da Constru\u00e7\u00e3o Pesada do Estado de S\u00e3o Paulo","og:type":"article","og:title":"N\u00edvel de emprego da constru\u00e7\u00e3o pesada paulista diminui ritmo de queda, mas continua negativo no m\u00eas de julho - SINICESP - Sindicato da Ind\u00fastria da Constru\u00e7\u00e3o Pesada do Estado de S\u00e3o Paulo","og:description":"O n\u00edvel de emprego do setor da constru\u00e7\u00e3o pesada paulista registrou, novamente, em julho, saldo negativo de vagas. Houve a perda de 470 postos de trabalho em todo o estado de S\u00e3o Paulo.","og:url":"https:\/\/sinicesp.org.br\/index.php\/2026\/09\/03\/nivel-de-emprego-da-construcao-pesada-paulista-diminui-ritmo-de-queda-mas-continua-negativo-no-mes-de-julho\/","og:image":"https:\/\/sinicesp.org.br\/wp-content\/uploads\/2022\/01\/Logo-250-ok.png","og:image:secure_url":"https:\/\/sinicesp.org.br\/wp-content\/uploads\/2022\/01\/Logo-250-ok.png","og:image:width":250,"og:image:height":86,"article:published_time":"2026-09-03T19:34:37+00:00","article:modified_time":"2026-09-03T19:34:40+00:00","article:publisher":"https:\/\/www.facebook.com\/SINICESP\/","twitter:card":"summary","twitter:title":"N\u00edvel de emprego da constru\u00e7\u00e3o pesada paulista diminui ritmo de queda, mas continua negativo no m\u00eas de julho - SINICESP - Sindicato da Ind\u00fastria da Constru\u00e7\u00e3o Pesada do Estado de S\u00e3o Paulo","twitter:description":"O n\u00edvel de emprego do setor da constru\u00e7\u00e3o pesada paulista registrou, novamente, em julho, saldo negativo de vagas. Houve a perda de 470 postos de trabalho em todo o estado de S\u00e3o Paulo.","twitter:image":"https:\/\/sinicesp.org.br\/wp-content\/uploads\/2022\/01\/Logo-250-ok.png"},"aioseo_meta_data":{"post_id":"8337","title":null,"description":null,"keywords":null,"keyphrases":{"focus":{"keyphrase":"","score":0,"analysis":{"keyphraseInTitle":{"score":0,"maxScore":9,"error":1}}},"additional":[]},"primary_term":null,"canonical_url":null,"og_title":null,"og_description":null,"og_object_type":"default","og_image_type":"default","og_image_url":null,"og_image_width":null,"og_image_height":null,"og_image_custom_url":null,"og_image_custom_fields":null,"og_video":"","og_custom_url":null,"og_article_section":null,"og_article_tags":null,"twitter_use_og":false,"twitter_card":"default","twitter_image_type":"default","twitter_image_url":null,"twitter_image_custom_url":null,"twitter_image_custom_fields":null,"twitter_title":null,"twitter_description":null,"schema":{"blockGraphs":[],"customGraphs":[],"default":{"data":{"Article":[],"Course":[],"Dataset":[],"FAQPage":[],"Movie":[],"Person":[],"Product":[],"ProductReview":[],"Car":[],"Recipe":[],"Service":[],"SoftwareApplication":[],"WebPage":[]},"graphName":"BlogPosting","isEnabled":true},"graphs":[]},"schema_type":"default","schema_type_options":null,"pillar_content":false,"robots_default":true,"robots_noindex":false,"robots_noarchive":false,"robots_nosnippet":false,"robots_nofollow":false,"robots_noimageindex":false,"robots_noodp":false,"robots_notranslate":false,"robots_max_snippet":"-1","robots_max_videopreview":"-1","robots_max_imagepreview":"large","priority":null,"frequency":"default","local_seo":null,"breadcrumb_settings":null,"limit_modified_date":false,"ai":{"faqs":[],"keyPoints":[],"schemas":[],"titles":[],"descriptions":[],"socialPosts":{"email":{"subject":"","preview":"","content":""},"linkedin":[],"twitter":[],"facebook":[],"instagram":[]}},"created":"2026-09-03 18:48:51","updated":"2026-09-03 19:35:41","seo_analyzer_scan_date":null,"focus_keyword":null,"additional_keywords":null,"truseo_locale":null},"aioseo_breadcrumb":"<div class=\"aioseo-breadcrumbs\"><span class=\"aioseo-breadcrumb\">\n\t\t\t<a href=\"https:\/\/sinicesp.org.br\" title=\"Home\">Home<\/a>\n\t\t<\/span><span class=\"aioseo-breadcrumb-separator\">&raquo;<\/span><span class=\"aioseo-breadcrumb\">\n\t\t\t<a href=\"https:\/\/sinicesp.org.br\/index.php\/category\/sinimail\/\" title=\"Sinimail\">Sinimail<\/a>\n\t\t<\/span><span class=\"aioseo-breadcrumb-separator\">&raquo;<\/span><span class=\"aioseo-breadcrumb\">\n\t\t\tN\u00edvel de emprego da constru\u00e7\u00e3o pesada paulista diminui ritmo de queda, mas continua negativo no m\u00eas de julho\n\t\t<\/span><\/div>","aioseo_breadcrumb_json":[{"label":"Home","link":"https:\/\/sinicesp.org.br"},{"label":"Sinimail","link":"https:\/\/sinicesp.org.br\/index.php\/category\/sinimail\/"},{"label":"N\u00edvel de emprego da constru\u00e7\u00e3o pesada paulista diminui\u00a0ritmo de queda, mas continua negativo no m\u00eas de julho","link":"https:\/\/sinicesp.org.br\/index.php\/2026\/09\/03\/nivel-de-emprego-da-construcao-pesada-paulista-diminui-ritmo-de-queda-mas-continua-negativo-no-mes-de-julho\/"}],"gutentor_comment":0,"uagb_featured_image_src":{"full":["https:\/\/sinicesp.org.br\/wp-content\/uploads\/2026\/09\/sinimail-2026-19-destaque.jpg",250,167,false],"thumbnail":["https:\/\/sinicesp.org.br\/wp-content\/uploads\/2026\/09\/sinimail-2026-19-destaque-150x150.jpg",150,150,true],"medium":["https:\/\/sinicesp.org.br\/wp-content\/uploads\/2026\/09\/sinimail-2026-19-destaque.jpg",250,167,false],"medium_large":["https:\/\/sinicesp.org.br\/wp-content\/uploads\/2026\/09\/sinimail-2026-19-destaque.jpg",250,167,false],"large":["https:\/\/sinicesp.org.br\/wp-content\/uploads\/2026\/09\/sinimail-2026-19-destaque.jpg",250,167,false],"1536x1536":["https:\/\/sinicesp.org.br\/wp-content\/uploads\/2026\/09\/sinimail-2026-19-destaque.jpg",250,167,false],"2048x2048":["https:\/\/sinicesp.org.br\/wp-content\/uploads\/2026\/09\/sinimail-2026-19-destaque.jpg",250,167,false]},"uagb_author_info":{"display_name":"Rodrigo","author_link":"https:\/\/sinicesp.org.br\/index.php\/author\/sinicesp\/"},"uagb_comment_info":0,"uagb_excerpt":"O n\u00edvel de emprego do setor da constru\u00e7\u00e3o pesada paulista registrou, novamente, em julho, saldo negativo de vagas. Houve a perda de 470 postos de trabalho em todo o estado de S\u00e3o Paulo.","_links":{"self":[{"href":"https:\/\/sinicesp.org.br\/index.php\/wp-json\/wp\/v2\/posts\/8337","targetHints":{"allow":["GET"]}}],"collection":[{"href":"https:\/\/sinicesp.org.br\/index.php\/wp-json\/wp\/v2\/posts"}],"about":[{"href":"https:\/\/sinicesp.org.br\/index.php\/wp-json\/wp\/v2\/types\/post"}],"author":[{"embeddable":true,"href":"https:\/\/sinicesp.org.br\/index.php\/wp-json\/wp\/v2\/users\/1"}],"replies":[{"embeddable":true,"href":"https:\/\/sinicesp.org.br\/index.php\/wp-json\/wp\/v2\/comments?post=8337"}],"version-history":[{"count":2,"href":"https:\/\/sinicesp.org.br\/index.php\/wp-json\/wp\/v2\/posts\/8337\/revisions"}],"predecessor-version":[{"id":8344,"href":"https:\/\/sinicesp.org.br\/index.php\/wp-json\/wp\/v2\/posts\/8337\/revisions\/8344"}],"wp:featuredmedia":[{"embeddable":true,"href":"https:\/\/sinicesp.org.br\/index.php\/wp-json\/wp\/v2\/media\/8338"}],"wp:attachment":[{"href":"https:\/\/sinicesp.org.br\/index.php\/wp-json\/wp\/v2\/media?parent=8337"}],"wp:term":[{"taxonomy":"category","embeddable":true,"href":"https:\/\/sinicesp.org.br\/index.php\/wp-json\/wp\/v2\/categories?post=8337"},{"taxonomy":"post_tag","embeddable":true,"href":"https:\/\/sinicesp.org.br\/index.php\/wp-json\/wp\/v2\/tags?post=8337"}],"curies":[{"name":"wp","href":"https:\/\/api.w.org\/{rel}","templated":true}]}}