{"id":999,"date":"2021-07-29T09:22:55","date_gmt":"2021-07-29T12:22:55","guid":{"rendered":"http:\/\/sinicesp.org.br\/?p=999"},"modified":"2023-08-23T14:09:05","modified_gmt":"2023-08-23T17:09:05","slug":"deputado-pedro-longo-do-acre-participa-de-reuniao-no-sinicesp","status":"publish","type":"post","link":"https:\/\/sinicesp.org.br\/index.php\/2021\/07\/29\/deputado-pedro-longo-do-acre-participa-de-reuniao-no-sinicesp\/","title":{"rendered":"Deputado Pedro Longo, do Acre, participa de reuni\u00e3o no SINICESP"},"content":{"rendered":"\n<section class=\"wp-block-uagb-section uagb-section__wrap uagb-section__background-undefined alignfull uagb-block-66f49add\"><div class=\"uagb-section__overlay\"><\/div><div class=\"uagb-section__inner-wrap\"><\/div><\/section>\n\n\n\n<section class=\"wp-block-uagb-section uagb-section__wrap uagb-section__background-color uagb-block-9c7b3bc2\"><div class=\"uagb-section__overlay\"><\/div><div class=\"uagb-section__inner-wrap\">\n<div style=\"height:10px\" aria-hidden=\"true\" class=\"wp-block-spacer\"><\/div>\n\n\n\n<div class=\"wp-block-uagb-advanced-heading uagb-block-144b6cdc\"><h3 class=\"uagb-heading-text\"><strong>\u00daltimas Not\u00edcias n\u00ba 27\/2021 &#8211; 29\/07\/2021 <\/strong><\/h3><div class=\"uagb-separator\"><\/div><\/div>\n\n\n\n<p><\/p>\n<\/div><\/section>\n\n\n\n<section class=\"wp-block-uagb-section uagb-section__wrap uagb-section__background-color uagb-block-0cd76747\"><div class=\"uagb-section__overlay\"><\/div><div class=\"uagb-section__inner-wrap\">\n<h2 class=\"wp-block-heading has-text-align-left has-text-color\" style=\"color:#0767b1\">Deputado Pedro Longo, do Acre, participa de reuni\u00e3o no SINICESP<\/h2>\n\n\n\n<p> <\/p>\n\n\n\n<p>O deputado estadual Pedro Longo (PV), do Acre, participou da reuni\u00e3o-encontro realizada no dia 27 de julho pelo SINICESP e suas empresas associadas. <br><br>A convite da diretoria, Pedro Longo falou sobre o cen\u00e1rio econ\u00f4mico do Acre. O deputado, que \u00e9 l\u00edder do governo na Assembleia Legislativa informou que seu estado est\u00e1 em pleno desenvolvimento, aberto \u00e0 atra\u00e7\u00e3o de investimentos e oferta de oportunidades. <br><br>Segundo ele, o or\u00e7amento do executivo previsto para o ano de 2022 \u00e9 de R$ 7 bilh\u00f5es para 2022. O parlamentar informou que n\u00e3o existem grandes obras em desenvolvimento no seu estado, mas h\u00e1 possibilidades para implement\u00e1-las. <br><br>Hoje, a inten\u00e7\u00e3o do governo continua sendo o desenvolvimento do agroneg\u00f3cio .\u201c \u00c9 um estado que vale a pena ser conhecido. Temos terras baratas para o agroneg\u00f3cio. A principal atividade no campo do agroneg\u00f3cio \u00e9 a pecu\u00e1ria, com uma gen\u00e9tica bem avan\u00e7ada\u201d, afirmou Pedro Longo. Segundo ele, o Acre oferece seguran\u00e7a energ\u00e9tica em face da integra\u00e7\u00e3o ao sistema nacional e a conex\u00e3o com o mercado andino por meio da Rodovia Transpac\u00edfica. <br><br>&#8220;Me senti muito honrado ao receber este convite para apresentar a realidade do nosso Acre para um grupo t\u00e3o importante como o do Sinicesp, que vem obtendo avan\u00e7os significativos nos \u00faltimos anos. A ideia \u00e9 estreitar mais ainda os v\u00ednculos para poss\u00edveis acordos e investimentos&#8221;, comentou o parlamentar. <br><br>O presidente do SINICESP, Luiz Albert Kamilos, agradeceu a disposi\u00e7\u00e3o do deputado para compartilhar com os empreendedores informa\u00e7\u00f5es importantes sobre o Acre e demonstrou entusiasmo com a parceria. &#8220;Estamos abertos \u00e0 essa experi\u00eancia de troca que, com certeza, ser\u00e1 muito promissora. A vinda do deputado Pedro Longo para S\u00e3o Paulo e a sua disposi\u00e7\u00e3o para estar aqui conosco falando sobre o seu estado mostram que essa parceria tem tudo para dar certo&#8221;, destacou Kamilos.<br><\/p>\n<\/div><\/section>\n","protected":false},"excerpt":{"rendered":"<p>O deputado estadual Pedro Longo (PV), do Acre, participou da reuni\u00e3o-encontro realizada no dia 27 de julho pelo SINICESP e suas empresas associadas. <\/p>\n","protected":false},"author":1,"featured_media":1000,"comment_status":"closed","ping_status":"closed","sticky":false,"template":"","format":"standard","meta":{"om_disable_all_campaigns":false,"_uag_custom_page_level_css":"","_monsterinsights_skip_tracking":false,"_monsterinsights_sitenote_active":false,"_monsterinsights_sitenote_note":"","_monsterinsights_sitenote_category":0,"site-sidebar-layout":"default","site-content-layout":"plain-container","ast-site-content-layout":"normal-width-container","site-content-style":"unboxed","site-sidebar-style":"unboxed","ast-global-header-display":"","ast-banner-title-visibility":"","ast-main-header-display":"","ast-hfb-above-header-display":"","ast-hfb-below-header-display":"","ast-hfb-mobile-header-display":"","site-post-title":"disabled","ast-breadcrumbs-content":"","ast-featured-img":"disabled","footer-sml-layout":"","ast-disable-related-posts":"","theme-transparent-header-meta":"default","adv-header-id-meta":"","stick-header-meta":"","header-above-stick-meta":"","header-main-stick-meta":"","header-below-stick-meta":"","astra-migrate-meta-layouts":"set","ast-page-background-enabled":"default","ast-page-background-meta":{"desktop":{"background-color":"","background-image":"","background-repeat":"repeat","background-position":"center center","background-size":"auto","background-attachment":"scroll","background-type":"","background-media":"","overlay-type":"","overlay-color":"","overlay-opacity":"","overlay-gradient":""},"tablet":{"background-color":"","background-image":"","background-repeat":"repeat","background-position":"center center","background-size":"auto","background-attachment":"scroll","background-type":"","background-media":"","overlay-type":"","overlay-color":"","overlay-opacity":"","overlay-gradient":""},"mobile":{"background-color":"","background-image":"","background-repeat":"repeat","background-position":"center center","background-size":"auto","background-attachment":"scroll","background-type":"","background-media":"","overlay-type":"","overlay-color":"","overlay-opacity":"","overlay-gradient":""}},"ast-content-background-meta":{"desktop":{"background-color":"var(--ast-global-color-5)","background-image":"","background-repeat":"repeat","background-position":"center center","background-size":"auto","background-attachment":"scroll","background-type":"","background-media":"","overlay-type":"","overlay-color":"","overlay-opacity":"","overlay-gradient":""},"tablet":{"background-color":"var(--ast-global-color-5)","background-image":"","background-repeat":"repeat","background-position":"center center","background-size":"auto","background-attachment":"scroll","background-type":"","background-media":"","overlay-type":"","overlay-color":"","overlay-opacity":"","overlay-gradient":""},"mobile":{"background-color":"var(--ast-global-color-5)","background-image":"","background-repeat":"repeat","background-position":"center center","background-size":"auto","background-attachment":"scroll","background-type":"","background-media":"","overlay-type":"","overlay-color":"","overlay-opacity":"","overlay-gradient":""}},"footnotes":""},"categories":[6],"tags":[21],"class_list":["post-999","post","type-post","status-publish","format-standard","has-post-thumbnail","hentry","category-ultimas-noticias","tag-ultimas-noticias-no-27-2021-29-07-2021-0922"],"aioseo_notices":[],"gutentor_comment":0,"uagb_featured_image_src":{"full":["https:\/\/sinicesp.org.br\/wp-content\/uploads\/2021\/08\/ultimas-2021-27-pequena.jpg",250,167,false],"thumbnail":["https:\/\/sinicesp.org.br\/wp-content\/uploads\/2021\/08\/ultimas-2021-27-pequena-150x150.jpg",150,150,true],"medium":["https:\/\/sinicesp.org.br\/wp-content\/uploads\/2021\/08\/ultimas-2021-27-pequena.jpg",250,167,false],"medium_large":["https:\/\/sinicesp.org.br\/wp-content\/uploads\/2021\/08\/ultimas-2021-27-pequena.jpg",250,167,false],"large":["https:\/\/sinicesp.org.br\/wp-content\/uploads\/2021\/08\/ultimas-2021-27-pequena.jpg",250,167,false],"1536x1536":["https:\/\/sinicesp.org.br\/wp-content\/uploads\/2021\/08\/ultimas-2021-27-pequena.jpg",250,167,false],"2048x2048":["https:\/\/sinicesp.org.br\/wp-content\/uploads\/2021\/08\/ultimas-2021-27-pequena.jpg",250,167,false]},"uagb_author_info":{"display_name":"Rodrigo","author_link":"https:\/\/sinicesp.org.br\/index.php\/author\/sinicesp\/"},"uagb_comment_info":0,"uagb_excerpt":"O deputado estadual Pedro Longo (PV), do Acre, participou da reuni\u00e3o-encontro realizada no dia 27 de julho pelo SINICESP e suas empresas associadas.","_links":{"self":[{"href":"https:\/\/sinicesp.org.br\/index.php\/wp-json\/wp\/v2\/posts\/999","targetHints":{"allow":["GET"]}}],"collection":[{"href":"https:\/\/sinicesp.org.br\/index.php\/wp-json\/wp\/v2\/posts"}],"about":[{"href":"https:\/\/sinicesp.org.br\/index.php\/wp-json\/wp\/v2\/types\/post"}],"author":[{"embeddable":true,"href":"https:\/\/sinicesp.org.br\/index.php\/wp-json\/wp\/v2\/users\/1"}],"replies":[{"embeddable":true,"href":"https:\/\/sinicesp.org.br\/index.php\/wp-json\/wp\/v2\/comments?post=999"}],"version-history":[{"count":0,"href":"https:\/\/sinicesp.org.br\/index.php\/wp-json\/wp\/v2\/posts\/999\/revisions"}],"wp:featuredmedia":[{"embeddable":true,"href":"https:\/\/sinicesp.org.br\/index.php\/wp-json\/wp\/v2\/media\/1000"}],"wp:attachment":[{"href":"https:\/\/sinicesp.org.br\/index.php\/wp-json\/wp\/v2\/media?parent=999"}],"wp:term":[{"taxonomy":"category","embeddable":true,"href":"https:\/\/sinicesp.org.br\/index.php\/wp-json\/wp\/v2\/categories?post=999"},{"taxonomy":"post_tag","embeddable":true,"href":"https:\/\/sinicesp.org.br\/index.php\/wp-json\/wp\/v2\/tags?post=999"}],"curies":[{"name":"wp","href":"https:\/\/api.w.org\/{rel}","templated":true}]}}